{"id":34477,"date":"2012-10-24T19:57:58","date_gmt":"2012-10-24T19:57:58","guid":{"rendered":"http:\/\/www.unicap.br\/assecom1\/?p=34477"},"modified":"2012-10-25T12:04:03","modified_gmt":"2012-10-25T12:04:03","slug":"estudantes-de-jornalismo-participam-de-oficina-promovida-pela-childhood-brasil","status":"publish","type":"post","link":"https:\/\/www1.unicap.br\/assecom1\/estudantes-de-jornalismo-participam-de-oficina-promovida-pela-childhood-brasil\/","title":{"rendered":"Alunos de Jornalismo participam de oficina promovida pela Childhood Brasil"},"content":{"rendered":"<figure id=\"attachment_34574\" aria-describedby=\"caption-attachment-34574\" style=\"width: 300px\" class=\"wp-caption alignleft\"><a href=\"https:\/\/i1.wp.com\/www1.unicap.br\/assecom1\/wp-content\/uploads\/2012\/10\/DSC3682.jpg?ssl=1\"><img data-attachment-id=\"34574\" data-permalink=\"https:\/\/www1.unicap.br\/assecom1\/estudantes-de-jornalismo-participam-de-oficina-promovida-pela-childhood-brasil\/_dsc3682\/\" data-orig-file=\"https:\/\/i1.wp.com\/www1.unicap.br\/assecom1\/wp-content\/uploads\/2012\/10\/DSC3682.jpg?fit=4288%2C2848&amp;ssl=1\" data-orig-size=\"4288,2848\" data-comments-opened=\"1\" data-image-meta=\"{&quot;aperture&quot;:&quot;11&quot;,&quot;credit&quot;:&quot;&quot;,&quot;camera&quot;:&quot;NIKON D90&quot;,&quot;caption&quot;:&quot;&quot;,&quot;created_timestamp&quot;:&quot;1351078980&quot;,&quot;copyright&quot;:&quot;&quot;,&quot;focal_length&quot;:&quot;105&quot;,&quot;iso&quot;:&quot;1250&quot;,&quot;shutter_speed&quot;:&quot;0.04&quot;,&quot;title&quot;:&quot;&quot;}\" data-image-title=\"_DSC3682\" data-image-description=\"\" data-medium-file=\"https:\/\/i1.wp.com\/www1.unicap.br\/assecom1\/wp-content\/uploads\/2012\/10\/DSC3682.jpg?fit=300%2C199&amp;ssl=1\" data-large-file=\"https:\/\/i1.wp.com\/www1.unicap.br\/assecom1\/wp-content\/uploads\/2012\/10\/DSC3682.jpg?fit=640%2C425&amp;ssl=1\" loading=\"lazy\" class=\"size-medium wp-image-34574\" title=\"_DSC3682\" src=\"https:\/\/i1.wp.com\/www1.unicap.br\/assecom1\/wp-content\/uploads\/2012\/10\/DSC3682.jpg?resize=300%2C199&#038;ssl=1\" alt=\"\" srcset=\"https:\/\/i1.wp.com\/www1.unicap.br\/assecom1\/wp-content\/uploads\/2012\/10\/DSC3682.jpg?resize=300%2C199&amp;ssl=1 300w, https:\/\/i1.wp.com\/www1.unicap.br\/assecom1\/wp-content\/uploads\/2012\/10\/DSC3682.jpg?resize=1024%2C680&amp;ssl=1 1024w, https:\/\/i1.wp.com\/www1.unicap.br\/assecom1\/wp-content\/uploads\/2012\/10\/DSC3682.jpg?resize=250%2C166&amp;ssl=1 250w, https:\/\/i1.wp.com\/www1.unicap.br\/assecom1\/wp-content\/uploads\/2012\/10\/DSC3682.jpg?w=1280&amp;ssl=1 1280w, https:\/\/i1.wp.com\/www1.unicap.br\/assecom1\/wp-content\/uploads\/2012\/10\/DSC3682.jpg?w=1920&amp;ssl=1 1920w\" sizes=\"(max-width: 300px) 100vw, 300px\" data-recalc-dims=\"1\" \/><\/a><figcaption id=\"caption-attachment-34574\" class=\"wp-caption-text\">Foto: Carolina Nogueira<\/figcaption><\/figure>\n<p>A\u00a0rep\u00f3rter especial do Diario de Pernambuco Marcionila Teixeira\u00a0comandou na manh\u00e3 desta quarta-feira (24) uma oficina sobre <em>Novas M\u00eddias. <\/em>A atividade fez parte da programa\u00e7\u00e3o da 10\u00aa Semana de Integra\u00e7\u00e3o Universidade Cat\u00f3lica\u00a0e Sociedade (Siucs)\u00a0e \u00e9 fruto de uma parceria entre\u00a0a Unicap, a ONG Childhood Brasil e a Ag\u00eancia de Not\u00edcias dos Direitos da Inf\u00e2ncia (Andi).<\/p>\n<p>Voltada para estudantes de Jornalismo, a oficina teve como principal objetivo trazer aos jovens alunos a import\u00e2ncia dos direitos da inf\u00e2ncia nas grandes coberturas.\u00a0Durante a oficina, Marcionila orientou sobre como fazer uma cobertura jornal\u00edstica que preserve e respeite os direitos das crian\u00e7as e dos adolescentes, desde a pauta at\u00e9 a publica\u00e7\u00e3o da mat\u00e9ria. No final,\u00a0eles elaboraram\u00a0propostas de pauta, que foram avaliadas tamb\u00e9m pela coordenadora da Andi, Erika Kobayshi.<\/p>\n<figure id=\"attachment_34576\" aria-describedby=\"caption-attachment-34576\" style=\"width: 300px\" class=\"wp-caption alignright\"><a href=\"https:\/\/i2.wp.com\/www1.unicap.br\/assecom1\/wp-content\/uploads\/2012\/10\/DSC3687.jpg?ssl=1\"><img data-attachment-id=\"34576\" data-permalink=\"https:\/\/www1.unicap.br\/assecom1\/estudantes-de-jornalismo-participam-de-oficina-promovida-pela-childhood-brasil\/_dsc3687\/\" data-orig-file=\"https:\/\/i2.wp.com\/www1.unicap.br\/assecom1\/wp-content\/uploads\/2012\/10\/DSC3687.jpg?fit=4288%2C2848&amp;ssl=1\" data-orig-size=\"4288,2848\" data-comments-opened=\"1\" data-image-meta=\"{&quot;aperture&quot;:&quot;11&quot;,&quot;credit&quot;:&quot;&quot;,&quot;camera&quot;:&quot;NIKON D90&quot;,&quot;caption&quot;:&quot;&quot;,&quot;created_timestamp&quot;:&quot;1351079105&quot;,&quot;copyright&quot;:&quot;&quot;,&quot;focal_length&quot;:&quot;18&quot;,&quot;iso&quot;:&quot;1250&quot;,&quot;shutter_speed&quot;:&quot;0.04&quot;,&quot;title&quot;:&quot;&quot;}\" data-image-title=\"_DSC3687\" data-image-description=\"\" data-medium-file=\"https:\/\/i2.wp.com\/www1.unicap.br\/assecom1\/wp-content\/uploads\/2012\/10\/DSC3687.jpg?fit=300%2C199&amp;ssl=1\" data-large-file=\"https:\/\/i2.wp.com\/www1.unicap.br\/assecom1\/wp-content\/uploads\/2012\/10\/DSC3687.jpg?fit=640%2C425&amp;ssl=1\" loading=\"lazy\" class=\"size-medium wp-image-34576\" title=\"_DSC3687\" src=\"https:\/\/i2.wp.com\/www1.unicap.br\/assecom1\/wp-content\/uploads\/2012\/10\/DSC3687.jpg?resize=300%2C199&#038;ssl=1\" alt=\"\" srcset=\"https:\/\/i2.wp.com\/www1.unicap.br\/assecom1\/wp-content\/uploads\/2012\/10\/DSC3687.jpg?resize=300%2C199&amp;ssl=1 300w, https:\/\/i2.wp.com\/www1.unicap.br\/assecom1\/wp-content\/uploads\/2012\/10\/DSC3687.jpg?resize=1024%2C680&amp;ssl=1 1024w, https:\/\/i2.wp.com\/www1.unicap.br\/assecom1\/wp-content\/uploads\/2012\/10\/DSC3687.jpg?resize=250%2C166&amp;ssl=1 250w, https:\/\/i2.wp.com\/www1.unicap.br\/assecom1\/wp-content\/uploads\/2012\/10\/DSC3687.jpg?w=1280&amp;ssl=1 1280w, https:\/\/i2.wp.com\/www1.unicap.br\/assecom1\/wp-content\/uploads\/2012\/10\/DSC3687.jpg?w=1920&amp;ssl=1 1920w\" sizes=\"(max-width: 300px) 100vw, 300px\" data-recalc-dims=\"1\" \/><\/a><figcaption id=\"caption-attachment-34576\" class=\"wp-caption-text\">Novas M\u00eddias<\/figcaption><\/figure>\n","protected":false},"excerpt":{"rendered":"<p>A\u00a0rep\u00f3rter especial do Diario de Pernambuco Marcionila Teixeira\u00a0comandou na manh\u00e3 desta quarta-feira (24) uma oficina sobre Novas M\u00eddias. A atividade fez parte da programa\u00e7\u00e3o da 10\u00aa Semana de Integra\u00e7\u00e3o Universidade Cat\u00f3lica\u00a0e Sociedade (Siucs)\u00a0e \u00e9 fruto de uma parceria entre\u00a0a Unicap, a ONG Childhood Brasil e a Ag\u00eancia de Not\u00edcias dos Direitos da Inf\u00e2ncia (Andi). Voltada [&hellip;]<\/p>\n","protected":false},"author":41,"featured_media":0,"comment_status":"open","ping_status":"open","sticky":false,"template":"","format":"standard","meta":[],"categories":[4],"tags":[],"jetpack-related-posts":[],"_links":{"self":[{"href":"https:\/\/www1.unicap.br\/assecom1\/wp-json\/wp\/v2\/posts\/34477"}],"collection":[{"href":"https:\/\/www1.unicap.br\/assecom1\/wp-json\/wp\/v2\/posts"}],"about":[{"href":"https:\/\/www1.unicap.br\/assecom1\/wp-json\/wp\/v2\/types\/post"}],"author":[{"embeddable":true,"href":"https:\/\/www1.unicap.br\/assecom1\/wp-json\/wp\/v2\/users\/41"}],"replies":[{"embeddable":true,"href":"https:\/\/www1.unicap.br\/assecom1\/wp-json\/wp\/v2\/comments?post=34477"}],"version-history":[{"count":7,"href":"https:\/\/www1.unicap.br\/assecom1\/wp-json\/wp\/v2\/posts\/34477\/revisions"}],"predecessor-version":[{"id":34499,"href":"https:\/\/www1.unicap.br\/assecom1\/wp-json\/wp\/v2\/posts\/34477\/revisions\/34499"}],"wp:attachment":[{"href":"https:\/\/www1.unicap.br\/assecom1\/wp-json\/wp\/v2\/media?parent=34477"}],"wp:term":[{"taxonomy":"category","embeddable":true,"href":"https:\/\/www1.unicap.br\/assecom1\/wp-json\/wp\/v2\/categories?post=34477"},{"taxonomy":"post_tag","embeddable":true,"href":"https:\/\/www1.unicap.br\/assecom1\/wp-json\/wp\/v2\/tags?post=34477"}],"curies":[{"name":"wp","href":"https:\/\/api.w.org\/{rel}","templated":true}]}}