{"id":34462,"date":"2012-10-24T16:06:21","date_gmt":"2012-10-24T16:06:21","guid":{"rendered":"http:\/\/www.unicap.br\/assecom1\/?p=34462"},"modified":"2012-10-24T16:06:21","modified_gmt":"2012-10-24T16:06:21","slug":"palestras-da-feira-de-estagio-realizada-na-catolica-repercutem-no-twitter","status":"publish","type":"post","link":"https:\/\/www1.unicap.br\/assecom1\/palestras-da-feira-de-estagio-realizada-na-catolica-repercutem-no-twitter\/","title":{"rendered":"Palestras da Feira de Est\u00e1gio realizada na Cat\u00f3lica repercutem no Twitter"},"content":{"rendered":"<p><a href=\"https:\/\/i1.wp.com\/www1.unicap.br\/assecom1\/wp-content\/uploads\/2012\/10\/Palestra_Feira_Estagio.jpg?ssl=1\"><img data-attachment-id=\"34471\" data-permalink=\"https:\/\/www1.unicap.br\/assecom1\/palestras-da-feira-de-estagio-realizada-na-catolica-repercutem-no-twitter\/palestra_feira_estagio\/\" data-orig-file=\"https:\/\/i2.wp.com\/www1.unicap.br\/assecom1\/wp-content\/uploads\/2012\/10\/Palestra_Feira_Estagio-e1351092287614.jpg?fit=560%2C332&amp;ssl=1\" data-orig-size=\"560,332\" data-comments-opened=\"1\" data-image-meta=\"{&quot;aperture&quot;:&quot;0&quot;,&quot;credit&quot;:&quot;&quot;,&quot;camera&quot;:&quot;&quot;,&quot;caption&quot;:&quot;&quot;,&quot;created_timestamp&quot;:&quot;0&quot;,&quot;copyright&quot;:&quot;&quot;,&quot;focal_length&quot;:&quot;0&quot;,&quot;iso&quot;:&quot;0&quot;,&quot;shutter_speed&quot;:&quot;0&quot;,&quot;title&quot;:&quot;&quot;}\" data-image-title=\"Palestra_Feira_Est\u00e1gio\" data-image-description=\"\" data-medium-file=\"https:\/\/i2.wp.com\/www1.unicap.br\/assecom1\/wp-content\/uploads\/2012\/10\/Palestra_Feira_Estagio-e1351092287614.jpg?fit=300%2C177&amp;ssl=1\" data-large-file=\"https:\/\/i2.wp.com\/www1.unicap.br\/assecom1\/wp-content\/uploads\/2012\/10\/Palestra_Feira_Estagio-e1351092287614.jpg?fit=560%2C332&amp;ssl=1\" loading=\"lazy\" class=\"size-full wp-image-34471 alignnone\" title=\"Palestra_Feira_Est\u00e1gio\" src=\"https:\/\/i2.wp.com\/www1.unicap.br\/assecom1\/wp-content\/uploads\/2012\/10\/Palestra_Feira_Estagio-e1351092287614.jpg?resize=560%2C332&#038;ssl=1\" alt=\"\" srcset=\"https:\/\/i2.wp.com\/www1.unicap.br\/assecom1\/wp-content\/uploads\/2012\/10\/Palestra_Feira_Estagio-e1351092287614.jpg?w=560&amp;ssl=1 560w, https:\/\/i2.wp.com\/www1.unicap.br\/assecom1\/wp-content\/uploads\/2012\/10\/Palestra_Feira_Estagio-e1351092287614.jpg?resize=300%2C177&amp;ssl=1 300w\" sizes=\"(max-width: 560px) 100vw, 560px\" data-recalc-dims=\"1\" \/><\/a><\/p>\n<p>A programa\u00e7\u00e3o da tarde desta ter\u00e7a-feira (23) da Feira de Est\u00e1gio come\u00e7ou com um ciclo de palestras, de hora em hora, com as empresas participantes da Feira, no audit\u00f3rio G1. \u00c0s 14h apresentou-se o C.E.S.A.R; \u00e0s 15h, a Rede Transam\u00e9rica de R\u00e1dio; \u00e0s 16h, KPMG; 17h, Petrobras; 18h, IEL, e 19h Deloitte. Nesta quarta (24), se apresentam as empresas: SH F\u00f4rmas, \u00e0s 15h; CIEE, \u00e0s 16h; Coca Cola Guararapes, \u00e0s 17h;\u00a0 CI Interc\u00e2mbios, \u00e0s 18h; e Ernest &amp; Young, \u00e0s 19h.<\/p>\n<p>O objetivo das palestras \u00e9 a apresenta\u00e7\u00e3o pelas empresas de sua estrutura em rela\u00e7\u00e3o a vagas de est\u00e1gio e<em> trainee<\/em>. A m\u00e9dia de p\u00fablico tem sido grande, gra\u00e7as ao interesse dos participantes, que t\u00eam repercutido nas redes sociais as palestras. Leia no final da reportagem os coment\u00e1rios.<\/p>\n<p>Ao todo est\u00e3o sendo ofertadas mais de tr\u00eas mil vagas em 20 empresas diferentes nas mais diversas \u00e1reas, entre elas a Coca-Cola, Deloitte, KPMG, IEL, CIEE, Top Oportunidades, C.E.S.A.R, Ernst &amp; Young, SH F\u00f4rmas, C.I Interc\u00e2mbio e Petrobras. O p\u00fablico poder\u00e1 conversar com profissionais de Recursos Humanos dessas empresas e j\u00e1 participar de processos seletivos. Para agilizar o cadastro, \u00e9 bom o estudante j\u00e1 ter o RG e o CPF em m\u00e3os.<\/p>\n<p>A Feira de Est\u00e1gio, que \u00e9 aberto ao p\u00fablico e gratuita, \u00e9 uma parceria da Universidade Cat\u00f3lica de Pernambuco com o Armaz\u00e9m das Ideias e integra a progrma\u00e7\u00e3o da 10\u00aa Semana de Integra\u00e7\u00e3o Universidade Cat\u00f3lica e Sociedade. A Feira vai at\u00e9 o dia 25 de outubro.<\/p>\n<div><strong>Ayron Melo<\/strong>\u00a0@ayron_melo<br \/>\nA Feira de est\u00e1gio da\u00a0@Unicap\u00a0foi muito bom, recomendo, tem at\u00e9 quinta! As palestras foram muito massa, muitos brindes \ud83d\ude42<\/div>\n<div><\/div>\n<div><strong>Alzemir Tarc\u00edsio<\/strong>\u00a0@TideRocha:<br \/>\n\u201cPalestra muito Interessante, ministrada por uma funcion\u00e1ria do SEBRAE. Parab\u00e9ns UNICAP! Por nos proporcionar um maior e melhor aprendizado.\u201d<\/div>\n<div><\/div>\n<div><strong>Carlos Canpf (Filho)<\/strong>\u00a0@carloscanpf:<br \/>\n\u201cAcabei de saber que haver\u00e1 uma feira de est\u00e1gios na #UNICAP e quem estar\u00e1 l\u00e1? Eu, \u00e9 claro!\u201d<\/div>\n<div><\/div>\n<div>\n<div><strong>Eduardo Oliveira<\/strong>\u00a0@oliveiraeduardo+<br \/>\nMesa redonda do\u00a0@cesar_recife(25\/10) na Semana de Integra\u00e7\u00e3o@Unicap, sobre cidades inteligentes com\u00a0@kievgama@hdmabuse\u00a0@petherjs\u00a0e eu \ud83d\ude42<\/div>\n<\/div>\n<div>\n<p><strong>S\u00e9rgio Sampaio<\/strong> @SergiorSampaio:<br \/>\n\u201cHoje come\u00e7a a feira de est\u00e1gios da UNICAP. Bom demais!!\u201d<\/p>\n<p><strong>thais lima<\/strong> @thaiisl:<br \/>\n\u201cMuito massa a programa\u00e7\u00e3o da @unicap no Radio Ao Vivo\u00a0\u00a0\ud83d\ude42\u00a0\u00a0#feiradeestagio\u00a0\u00a0#unicapaovivo\u201d<\/p>\n<\/div>\n","protected":false},"excerpt":{"rendered":"<p>A programa\u00e7\u00e3o da tarde desta ter\u00e7a-feira (23) da Feira de Est\u00e1gio come\u00e7ou com um ciclo de palestras, de hora em hora, com as empresas participantes da Feira, no audit\u00f3rio G1. \u00c0s 14h apresentou-se o C.E.S.A.R; \u00e0s 15h, a Rede Transam\u00e9rica de R\u00e1dio; \u00e0s 16h, KPMG; 17h, Petrobras; 18h, IEL, e 19h Deloitte. Nesta quarta (24), [&hellip;]<\/p>\n","protected":false},"author":3,"featured_media":0,"comment_status":"open","ping_status":"open","sticky":false,"template":"","format":"standard","meta":[],"categories":[4],"tags":[],"jetpack-related-posts":[],"_links":{"self":[{"href":"https:\/\/www1.unicap.br\/assecom1\/wp-json\/wp\/v2\/posts\/34462"}],"collection":[{"href":"https:\/\/www1.unicap.br\/assecom1\/wp-json\/wp\/v2\/posts"}],"about":[{"href":"https:\/\/www1.unicap.br\/assecom1\/wp-json\/wp\/v2\/types\/post"}],"author":[{"embeddable":true,"href":"https:\/\/www1.unicap.br\/assecom1\/wp-json\/wp\/v2\/users\/3"}],"replies":[{"embeddable":true,"href":"https:\/\/www1.unicap.br\/assecom1\/wp-json\/wp\/v2\/comments?post=34462"}],"version-history":[{"count":4,"href":"https:\/\/www1.unicap.br\/assecom1\/wp-json\/wp\/v2\/posts\/34462\/revisions"}],"predecessor-version":[{"id":34476,"href":"https:\/\/www1.unicap.br\/assecom1\/wp-json\/wp\/v2\/posts\/34462\/revisions\/34476"}],"wp:attachment":[{"href":"https:\/\/www1.unicap.br\/assecom1\/wp-json\/wp\/v2\/media?parent=34462"}],"wp:term":[{"taxonomy":"category","embeddable":true,"href":"https:\/\/www1.unicap.br\/assecom1\/wp-json\/wp\/v2\/categories?post=34462"},{"taxonomy":"post_tag","embeddable":true,"href":"https:\/\/www1.unicap.br\/assecom1\/wp-json\/wp\/v2\/tags?post=34462"}],"curies":[{"name":"wp","href":"https:\/\/api.w.org\/{rel}","templated":true}]}}