{"id":34319,"date":"2012-10-24T01:21:32","date_gmt":"2012-10-24T01:21:32","guid":{"rendered":"http:\/\/www.unicap.br\/assecom1\/?p=34319"},"modified":"2012-10-24T01:21:32","modified_gmt":"2012-10-24T01:21:32","slug":"pro-reitor-administrativo-da-catolica-recebe-medalha-pernambucana-do-merito-do-corpo-de-bombeiros","status":"publish","type":"post","link":"https:\/\/www1.unicap.br\/assecom1\/pro-reitor-administrativo-da-catolica-recebe-medalha-pernambucana-do-merito-do-corpo-de-bombeiros\/","title":{"rendered":"Pr\u00f3-reitor Administrativo da Cat\u00f3lica recebe Medalha Pernambucana do M\u00e9rito do Corpo de Bombeiros"},"content":{"rendered":"<p><a href=\"https:\/\/i2.wp.com\/www1.unicap.br\/assecom1\/wp-content\/uploads\/2012\/10\/IMG_3418.jpg?ssl=1\"><img data-attachment-id=\"34434\" data-permalink=\"https:\/\/www1.unicap.br\/assecom1\/pro-reitor-administrativo-da-catolica-recebe-medalha-pernambucana-do-merito-do-corpo-de-bombeiros\/img_3418\/\" data-orig-file=\"https:\/\/i2.wp.com\/www1.unicap.br\/assecom1\/wp-content\/uploads\/2012\/10\/IMG_3418.jpg?fit=5184%2C3456&amp;ssl=1\" data-orig-size=\"5184,3456\" data-comments-opened=\"1\" data-image-meta=\"{&quot;aperture&quot;:&quot;3.5&quot;,&quot;credit&quot;:&quot;&quot;,&quot;camera&quot;:&quot;Canon EOS REBEL T3i&quot;,&quot;caption&quot;:&quot;&quot;,&quot;created_timestamp&quot;:&quot;1350896015&quot;,&quot;copyright&quot;:&quot;&quot;,&quot;focal_length&quot;:&quot;18&quot;,&quot;iso&quot;:&quot;1000&quot;,&quot;shutter_speed&quot;:&quot;0.025&quot;,&quot;title&quot;:&quot;&quot;}\" data-image-title=\"IMG_3418\" data-image-description=\"\" data-medium-file=\"https:\/\/i2.wp.com\/www1.unicap.br\/assecom1\/wp-content\/uploads\/2012\/10\/IMG_3418.jpg?fit=300%2C200&amp;ssl=1\" data-large-file=\"https:\/\/i2.wp.com\/www1.unicap.br\/assecom1\/wp-content\/uploads\/2012\/10\/IMG_3418.jpg?fit=640%2C426&amp;ssl=1\" loading=\"lazy\" class=\"aligncenter size-medium wp-image-34434\" src=\"https:\/\/i2.wp.com\/www1.unicap.br\/assecom1\/wp-content\/uploads\/2012\/10\/IMG_3418.jpg?resize=300%2C200&#038;ssl=1\" alt=\"\" srcset=\"https:\/\/i2.wp.com\/www1.unicap.br\/assecom1\/wp-content\/uploads\/2012\/10\/IMG_3418.jpg?resize=300%2C200&amp;ssl=1 300w, https:\/\/i2.wp.com\/www1.unicap.br\/assecom1\/wp-content\/uploads\/2012\/10\/IMG_3418.jpg?resize=1024%2C682&amp;ssl=1 1024w, https:\/\/i2.wp.com\/www1.unicap.br\/assecom1\/wp-content\/uploads\/2012\/10\/IMG_3418.jpg?resize=250%2C166&amp;ssl=1 250w, https:\/\/i2.wp.com\/www1.unicap.br\/assecom1\/wp-content\/uploads\/2012\/10\/IMG_3418.jpg?w=1280&amp;ssl=1 1280w, https:\/\/i2.wp.com\/www1.unicap.br\/assecom1\/wp-content\/uploads\/2012\/10\/IMG_3418.jpg?w=1920&amp;ssl=1 1920w\" sizes=\"(max-width: 300px) 100vw, 300px\" data-recalc-dims=\"1\" \/><\/a>O Pr\u00f3-reitor Administrativo da Universidade Cat\u00f3lica de Pernambuco, Luciano Pinheiro, recebeu a Medalha Pernambucana do M\u00e9rito Bombeiro Militar, nesta segunda-feira (22), em solenidade no Teatro da UFPE. A medalha foi entregue pelo vice- governador de Pernambuco, Jo\u00e3o Lyra Neto, que presidiu a cerim\u00f4nia representando o governador Eduardo Campos. A homenagem se deu atrav\u00e9s de proposta apresentada pelo comandante geral do Corpo de Bombeiros, coronel Carlos Eduardo Po\u00e7as Amorim Casa Nova.<\/p>\n<p>A solenidade comemorou os 125 anos da corpora\u00e7\u00e3o pernambucana e homenageou 290 cidad\u00e3os, entre servidores do Corpo de Bombeiros, das Pol\u00edcias Militar e Civil e outras autoridades que, de alguma forma, em sua \u00e1rea de atua\u00e7\u00e3o, prestaram grandes servi\u00e7os \u00e0 sociedade. O Pr\u00f3-reitor Luciano Pinheiro dividiu a honraria com todos os que fazem a Universidade. \u201cN\u00e3o se trata de demagogia, mas entendo que sou apenas um representante da Universidade, e, como Pr\u00f3-reitor, recebo com muito entusiasmo a medalha. Ela \u00e9 sinal de que a Cat\u00f3lica caminha com passos firmes no seu papel de oferecer uma educa\u00e7\u00e3o de qualidade para os pernambucanos\u201d, ressaltou.<\/p>\n<p>O momento especial da manh\u00e3 ficou reservado para as 200 mulheres da corpora\u00e7\u00e3o. A ala feminina do Corpo de Bombeiros foi homenageada pelo espa\u00e7o que vem ganhando dentro da corpora\u00e7\u00e3o. Atualmente, h\u00e1 10 tenentes oficiais do sexo feminino.<\/p>\n<p>As comemora\u00e7\u00f5es pelos 125 anos da Corpora\u00e7\u00e3o foram iniciadas h\u00e1 duas semanas com um caf\u00e9 da manh\u00e3 com a Imprensa pernambucana, realizado no Quartel do Comando Geral. Houve tamb\u00e9m a competi\u00e7\u00e3o profissional de bombeiros, realizada no Grupamento de Busca, Salvamento e A\u00e7\u00f5es T\u00e1ticas (GBSAT). E no \u00faltimo s\u00e1bado (20), o Parque da Jaqueira recebeu as atividades da Exposi\u00e7\u00e3o Interativa de Viaturas e Equipamentos.<\/p>\n","protected":false},"excerpt":{"rendered":"<p>O Pr\u00f3-reitor Administrativo da Universidade Cat\u00f3lica de Pernambuco, Luciano Pinheiro, recebeu a Medalha Pernambucana do M\u00e9rito Bombeiro Militar, nesta segunda-feira (22), em solenidade no Teatro da UFPE. A medalha foi entregue pelo vice- governador de Pernambuco, Jo\u00e3o Lyra Neto, que presidiu a cerim\u00f4nia representando o governador Eduardo Campos. A homenagem se deu atrav\u00e9s de proposta [&hellip;]<\/p>\n","protected":false},"author":27,"featured_media":0,"comment_status":"open","ping_status":"open","sticky":false,"template":"","format":"standard","meta":[],"categories":[4],"tags":[],"jetpack-related-posts":[],"_links":{"self":[{"href":"https:\/\/www1.unicap.br\/assecom1\/wp-json\/wp\/v2\/posts\/34319"}],"collection":[{"href":"https:\/\/www1.unicap.br\/assecom1\/wp-json\/wp\/v2\/posts"}],"about":[{"href":"https:\/\/www1.unicap.br\/assecom1\/wp-json\/wp\/v2\/types\/post"}],"author":[{"embeddable":true,"href":"https:\/\/www1.unicap.br\/assecom1\/wp-json\/wp\/v2\/users\/27"}],"replies":[{"embeddable":true,"href":"https:\/\/www1.unicap.br\/assecom1\/wp-json\/wp\/v2\/comments?post=34319"}],"version-history":[{"count":6,"href":"https:\/\/www1.unicap.br\/assecom1\/wp-json\/wp\/v2\/posts\/34319\/revisions"}],"predecessor-version":[{"id":34454,"href":"https:\/\/www1.unicap.br\/assecom1\/wp-json\/wp\/v2\/posts\/34319\/revisions\/34454"}],"wp:attachment":[{"href":"https:\/\/www1.unicap.br\/assecom1\/wp-json\/wp\/v2\/media?parent=34319"}],"wp:term":[{"taxonomy":"category","embeddable":true,"href":"https:\/\/www1.unicap.br\/assecom1\/wp-json\/wp\/v2\/categories?post=34319"},{"taxonomy":"post_tag","embeddable":true,"href":"https:\/\/www1.unicap.br\/assecom1\/wp-json\/wp\/v2\/tags?post=34319"}],"curies":[{"name":"wp","href":"https:\/\/api.w.org\/{rel}","templated":true}]}}