{"id":34122,"date":"2012-10-08T23:36:02","date_gmt":"2012-10-08T23:36:02","guid":{"rendered":"http:\/\/www.unicap.br\/assecom1\/?p=34122"},"modified":"2012-10-09T22:03:52","modified_gmt":"2012-10-09T22:03:52","slug":"chef-thiago-arnaud-faz-palestra-na-catolica","status":"publish","type":"post","link":"https:\/\/www1.unicap.br\/assecom1\/chef-thiago-arnaud-faz-palestra-na-catolica\/","title":{"rendered":"Chef Thiago Arnaud faz palestra na Cat\u00f3lica"},"content":{"rendered":"<p style=\"text-align: justify;\"><a href=\"https:\/\/i0.wp.com\/www1.unicap.br\/assecom1\/wp-content\/uploads\/2012\/10\/DSC0004.jpg?ssl=1\"><img data-attachment-id=\"34182\" data-permalink=\"https:\/\/www1.unicap.br\/assecom1\/chef-thiago-arnaud-faz-palestra-na-catolica\/_dsc0004-4\/\" data-orig-file=\"https:\/\/i0.wp.com\/www1.unicap.br\/assecom1\/wp-content\/uploads\/2012\/10\/DSC0004.jpg?fit=2460%2C3674&amp;ssl=1\" data-orig-size=\"2460,3674\" data-comments-opened=\"1\" data-image-meta=\"{&quot;aperture&quot;:&quot;5&quot;,&quot;credit&quot;:&quot;&quot;,&quot;camera&quot;:&quot;NIKON D200&quot;,&quot;caption&quot;:&quot;&quot;,&quot;created_timestamp&quot;:&quot;1349457566&quot;,&quot;copyright&quot;:&quot;&quot;,&quot;focal_length&quot;:&quot;34&quot;,&quot;iso&quot;:&quot;400&quot;,&quot;shutter_speed&quot;:&quot;0.016666666666667&quot;,&quot;title&quot;:&quot;&quot;}\" data-image-title=\"Thiago Arnaud\" data-image-description=\"\" data-medium-file=\"https:\/\/i0.wp.com\/www1.unicap.br\/assecom1\/wp-content\/uploads\/2012\/10\/DSC0004.jpg?fit=200%2C300&amp;ssl=1\" data-large-file=\"https:\/\/i0.wp.com\/www1.unicap.br\/assecom1\/wp-content\/uploads\/2012\/10\/DSC0004.jpg?fit=640%2C957&amp;ssl=1\" loading=\"lazy\" class=\" wp-image-34182 alignleft\" title=\"Thiago Arnaud\" src=\"https:\/\/i0.wp.com\/www1.unicap.br\/assecom1\/wp-content\/uploads\/2012\/10\/DSC0004.jpg?resize=139%2C208&#038;ssl=1\" alt=\"\" srcset=\"https:\/\/i0.wp.com\/www1.unicap.br\/assecom1\/wp-content\/uploads\/2012\/10\/DSC0004.jpg?resize=685%2C1024&amp;ssl=1 685w, https:\/\/i0.wp.com\/www1.unicap.br\/assecom1\/wp-content\/uploads\/2012\/10\/DSC0004.jpg?resize=200%2C300&amp;ssl=1 200w, https:\/\/i0.wp.com\/www1.unicap.br\/assecom1\/wp-content\/uploads\/2012\/10\/DSC0004.jpg?resize=250%2C373&amp;ssl=1 250w, https:\/\/i0.wp.com\/www1.unicap.br\/assecom1\/wp-content\/uploads\/2012\/10\/DSC0004.jpg?w=1280&amp;ssl=1 1280w, https:\/\/i0.wp.com\/www1.unicap.br\/assecom1\/wp-content\/uploads\/2012\/10\/DSC0004.jpg?w=1920&amp;ssl=1 1920w\" sizes=\"(max-width: 139px) 100vw, 139px\" data-recalc-dims=\"1\" \/><\/a>Os cursos tecnol\u00f3gicos de Gest\u00e3o em Turismo e de Eventos da Universidade Cat\u00f3lica de Pernambuco receberam, sexta-feira (5), o chef de cozinha Thiago Arnaud. Segundo colocado no reality show Superchef, exibido no programa de Ana Maria Braga, Thiago, que \u00e9 pernambucano, veio a convite da professora Rosilei Montenegro e falou sobre as suas experi\u00eancias profissionais e comentou sobre a necessidade do estado saber se desenvolver na hora de vender seu produto. Al\u00e9m disso, ele ressaltou que o turismo est\u00e1 diretamente ligado \u00e0 gastronomia.<\/p>\n<p style=\"text-align: justify;\">De acordo com o chef, no Recife as pessoas n\u00e3o est\u00e3o sabendo vender seu &#8220;peixe&#8221;. &#8220;Quando o turista chega na cidade, ele quer experimentar uma tapioca, uma buchada, comer uma macaxeira, infelizmente n\u00f3s recebemos uma forte influ\u00eancia de outros pa\u00edses, o que acaba se sobrepondo \u00e0s nossas ra\u00edzes e o que termina acontecendo \u00e9 que n\u00e3o apresentamos tudo aquilo de que dispomos, muitas vezes por falta de conhecimento&#8221;, ressalta.<\/p>\n<p style=\"text-align: justify;\">A palestra, que aconteceu no Espa\u00e7o de Conviv\u00eancia da Cat\u00f3lica, buscou valorizar a vis\u00e3o de empreendedor dos alunos. Para o estudante de Eventos Leopoldo Fernandez, essa iniciativa \u00e9 fundamental para despertar sobre as exig\u00eancias do mercado. Segundo ele, o profissional tem de buscar o m\u00e1ximo de aperfei\u00e7oamento, tanto na cultura, como na gastronomia, ou at\u00e9 mesmo em qualquer \u00e1rea, para<\/p>\n<p style=\"text-align: justify;\"><img data-attachment-id=\"34186\" data-permalink=\"https:\/\/www1.unicap.br\/assecom1\/chef-thiago-arnaud-faz-palestra-na-catolica\/_dsc0005-3\/\" data-orig-file=\"https:\/\/i0.wp.com\/www1.unicap.br\/assecom1\/wp-content\/uploads\/2012\/10\/DSC0005.jpg?fit=3673%2C2459&amp;ssl=1\" data-orig-size=\"3673,2459\" data-comments-opened=\"1\" data-image-meta=\"{&quot;aperture&quot;:&quot;4&quot;,&quot;credit&quot;:&quot;&quot;,&quot;camera&quot;:&quot;NIKON D200&quot;,&quot;caption&quot;:&quot;&quot;,&quot;created_timestamp&quot;:&quot;1349458253&quot;,&quot;copyright&quot;:&quot;&quot;,&quot;focal_length&quot;:&quot;22&quot;,&quot;iso&quot;:&quot;400&quot;,&quot;shutter_speed&quot;:&quot;0.016666666666667&quot;,&quot;title&quot;:&quot;&quot;}\" data-image-title=\"Tecnol\u00f3gico de Turismo\" data-image-description=\"\" data-medium-file=\"https:\/\/i0.wp.com\/www1.unicap.br\/assecom1\/wp-content\/uploads\/2012\/10\/DSC0005.jpg?fit=300%2C200&amp;ssl=1\" data-large-file=\"https:\/\/i0.wp.com\/www1.unicap.br\/assecom1\/wp-content\/uploads\/2012\/10\/DSC0005.jpg?fit=640%2C428&amp;ssl=1\" loading=\"lazy\" class=\"alignright  wp-image-34186\" style=\"font-size: 12px; text-align: start;\" title=\"Tecnol\u00f3gico de Turismo\" src=\"https:\/\/i0.wp.com\/www1.unicap.br\/assecom1\/wp-content\/uploads\/2012\/10\/DSC0005.jpg?resize=232%2C155&#038;ssl=1\" alt=\"\" srcset=\"https:\/\/i0.wp.com\/www1.unicap.br\/assecom1\/wp-content\/uploads\/2012\/10\/DSC0005.jpg?resize=1024%2C685&amp;ssl=1 1024w, https:\/\/i0.wp.com\/www1.unicap.br\/assecom1\/wp-content\/uploads\/2012\/10\/DSC0005.jpg?resize=300%2C200&amp;ssl=1 300w, https:\/\/i0.wp.com\/www1.unicap.br\/assecom1\/wp-content\/uploads\/2012\/10\/DSC0005.jpg?resize=250%2C167&amp;ssl=1 250w, https:\/\/i0.wp.com\/www1.unicap.br\/assecom1\/wp-content\/uploads\/2012\/10\/DSC0005.jpg?w=1280&amp;ssl=1 1280w, https:\/\/i0.wp.com\/www1.unicap.br\/assecom1\/wp-content\/uploads\/2012\/10\/DSC0005.jpg?w=1920&amp;ssl=1 1920w\" sizes=\"(max-width: 232px) 100vw, 232px\" data-recalc-dims=\"1\" \/>A vinda de Thiago se deve \u00e0s comemora\u00e7\u00f5es alusivas ao Dia Mundial do Turismo, comemorado em 27 de setembro. A estudante de Gest\u00e3o em Turismo Camila Lucena enfatizou a import\u00e2ncia da gastronomia para sua \u00e1rea. &#8220;A gastronomia serve de atrativo para o turista. Para oferecer um produto, primeiro precisamos conhecer sobre ele e, a partir disso, tamb\u00e9m saber valoriz\u00e1-lo&#8221;, disse.ter seu diferencial.<\/p>\n<p style=\"text-align: justify;\">mais sobre o evento, ver blog do Tecnol\u00f3gico de Turismo <a href=\"http:\/\/www.unicap.br\/tecnologicos\/turismo\/?p=254\" target=\"_blank\">AQUI<\/a><\/p>\n<p style=\"text-align: justify;\">\n<p style=\"text-align: justify;\">\n<p style=\"text-align: justify;\">\n","protected":false},"excerpt":{"rendered":"<p>Os cursos tecnol\u00f3gicos de Gest\u00e3o em Turismo e de Eventos da Universidade Cat\u00f3lica de Pernambuco receberam, sexta-feira (5), o chef de cozinha Thiago Arnaud. Segundo colocado no reality show Superchef, exibido no programa de Ana Maria Braga, Thiago, que \u00e9 pernambucano, veio a convite da professora Rosilei Montenegro e falou sobre as suas experi\u00eancias profissionais [&hellip;]<\/p>\n","protected":false},"author":2,"featured_media":0,"comment_status":"open","ping_status":"open","sticky":false,"template":"","format":"standard","meta":[],"categories":[4],"tags":[],"jetpack-related-posts":[],"_links":{"self":[{"href":"https:\/\/www1.unicap.br\/assecom1\/wp-json\/wp\/v2\/posts\/34122"}],"collection":[{"href":"https:\/\/www1.unicap.br\/assecom1\/wp-json\/wp\/v2\/posts"}],"about":[{"href":"https:\/\/www1.unicap.br\/assecom1\/wp-json\/wp\/v2\/types\/post"}],"author":[{"embeddable":true,"href":"https:\/\/www1.unicap.br\/assecom1\/wp-json\/wp\/v2\/users\/2"}],"replies":[{"embeddable":true,"href":"https:\/\/www1.unicap.br\/assecom1\/wp-json\/wp\/v2\/comments?post=34122"}],"version-history":[{"count":13,"href":"https:\/\/www1.unicap.br\/assecom1\/wp-json\/wp\/v2\/posts\/34122\/revisions"}],"predecessor-version":[{"id":34183,"href":"https:\/\/www1.unicap.br\/assecom1\/wp-json\/wp\/v2\/posts\/34122\/revisions\/34183"}],"wp:attachment":[{"href":"https:\/\/www1.unicap.br\/assecom1\/wp-json\/wp\/v2\/media?parent=34122"}],"wp:term":[{"taxonomy":"category","embeddable":true,"href":"https:\/\/www1.unicap.br\/assecom1\/wp-json\/wp\/v2\/categories?post=34122"},{"taxonomy":"post_tag","embeddable":true,"href":"https:\/\/www1.unicap.br\/assecom1\/wp-json\/wp\/v2\/tags?post=34122"}],"curies":[{"name":"wp","href":"https:\/\/api.w.org\/{rel}","templated":true}]}}