{"id":33790,"date":"2012-09-26T21:59:00","date_gmt":"2012-09-26T21:59:00","guid":{"rendered":"http:\/\/www.unicap.br\/assecom1\/?p=33790"},"modified":"2012-09-26T21:59:00","modified_gmt":"2012-09-26T21:59:00","slug":"fe-e-alegria-realiza-oficina-de-quimica","status":"publish","type":"post","link":"https:\/\/www1.unicap.br\/assecom1\/fe-e-alegria-realiza-oficina-de-quimica\/","title":{"rendered":"F\u00e9 e Alegria realiza oficina de qu\u00edmica"},"content":{"rendered":"<p><a href=\"https:\/\/i0.wp.com\/www1.unicap.br\/assecom1\/wp-content\/uploads\/2012\/09\/DSCN0757.jpg?ssl=1\"><img data-attachment-id=\"33794\" data-permalink=\"https:\/\/www1.unicap.br\/assecom1\/fe-e-alegria-realiza-oficina-de-quimica\/dscn0757\/\" data-orig-file=\"https:\/\/i0.wp.com\/www1.unicap.br\/assecom1\/wp-content\/uploads\/2012\/09\/DSCN0757.jpg?fit=2592%2C1944&amp;ssl=1\" data-orig-size=\"2592,1944\" data-comments-opened=\"1\" data-image-meta=\"{&quot;aperture&quot;:&quot;3.5&quot;,&quot;credit&quot;:&quot;&quot;,&quot;camera&quot;:&quot;COOLPIX L100&quot;,&quot;caption&quot;:&quot;&quot;,&quot;created_timestamp&quot;:&quot;1348063033&quot;,&quot;copyright&quot;:&quot;&quot;,&quot;focal_length&quot;:&quot;5&quot;,&quot;iso&quot;:&quot;400&quot;,&quot;shutter_speed&quot;:&quot;0.038461538461538&quot;,&quot;title&quot;:&quot;&quot;}\" data-image-title=\"DSCN0757\" data-image-description=\"\" data-medium-file=\"https:\/\/i0.wp.com\/www1.unicap.br\/assecom1\/wp-content\/uploads\/2012\/09\/DSCN0757.jpg?fit=300%2C225&amp;ssl=1\" data-large-file=\"https:\/\/i0.wp.com\/www1.unicap.br\/assecom1\/wp-content\/uploads\/2012\/09\/DSCN0757.jpg?fit=640%2C480&amp;ssl=1\" loading=\"lazy\" class=\"alignleft size-medium wp-image-33794\" src=\"https:\/\/i0.wp.com\/www1.unicap.br\/assecom1\/wp-content\/uploads\/2012\/09\/DSCN0757.jpg?resize=300%2C225&#038;ssl=1\" alt=\"\" srcset=\"https:\/\/i0.wp.com\/www1.unicap.br\/assecom1\/wp-content\/uploads\/2012\/09\/DSCN0757.jpg?resize=300%2C225&amp;ssl=1 300w, https:\/\/i0.wp.com\/www1.unicap.br\/assecom1\/wp-content\/uploads\/2012\/09\/DSCN0757.jpg?resize=1024%2C768&amp;ssl=1 1024w, https:\/\/i0.wp.com\/www1.unicap.br\/assecom1\/wp-content\/uploads\/2012\/09\/DSCN0757.jpg?resize=250%2C187&amp;ssl=1 250w, https:\/\/i0.wp.com\/www1.unicap.br\/assecom1\/wp-content\/uploads\/2012\/09\/DSCN0757.jpg?w=1280&amp;ssl=1 1280w, https:\/\/i0.wp.com\/www1.unicap.br\/assecom1\/wp-content\/uploads\/2012\/09\/DSCN0757.jpg?w=1920&amp;ssl=1 1920w\" sizes=\"(max-width: 300px) 100vw, 300px\" data-recalc-dims=\"1\" \/><\/a>A Funda\u00e7\u00e3o F\u00e9 e Alegria em Pernambuco (Fya), juntamente com\u00a0o Conselho Estadual de Defesa dos Direitos da Crian\u00e7a e do Adolescente (CEDCA-PE) e\u00a0o Liceu de Artes e Of\u00edcios, realizou quarta-feira (19)\u00a0uma oficina de qu\u00edmica com a professora Andressa Cavalcanti\u00a0 para os alunos do Apoio Pedag\u00f3gico.<\/p>\n<p>A professora iniciou as atividades exibindo um v\u00eddeo para os alunos que explicava sobre o porqu\u00ea de estudar qu\u00edmica, onde mostrou que a qu\u00edmica est\u00e1 presente em in\u00fameras atividades como, por exemplo, na medicina, agricultura e na casa de cada um. Em seguida, Andressa explicou o que \u00e9 mat\u00e9ria, corpo e objeto. \u201cA qu\u00edmica \u00e9 a ci\u00eancia que estuda a estrutura das subst\u00e2ncias, a composi\u00e7\u00e3o e as propriedades das diferentes mat\u00e9rias, suas transforma\u00e7\u00f5es e varia\u00e7\u00f5es de energia\u201d, falou a professora Andressa.<\/p>\n<p><a href=\"https:\/\/i0.wp.com\/www1.unicap.br\/assecom1\/wp-content\/uploads\/2012\/09\/DSCN0776.jpg?ssl=1\"><img data-attachment-id=\"33798\" data-permalink=\"https:\/\/www1.unicap.br\/assecom1\/fe-e-alegria-realiza-oficina-de-quimica\/dscn0776\/\" data-orig-file=\"https:\/\/i0.wp.com\/www1.unicap.br\/assecom1\/wp-content\/uploads\/2012\/09\/DSCN0776.jpg?fit=2592%2C1944&amp;ssl=1\" data-orig-size=\"2592,1944\" data-comments-opened=\"1\" data-image-meta=\"{&quot;aperture&quot;:&quot;3.5&quot;,&quot;credit&quot;:&quot;&quot;,&quot;camera&quot;:&quot;COOLPIX L100&quot;,&quot;caption&quot;:&quot;&quot;,&quot;created_timestamp&quot;:&quot;1348064535&quot;,&quot;copyright&quot;:&quot;&quot;,&quot;focal_length&quot;:&quot;5&quot;,&quot;iso&quot;:&quot;400&quot;,&quot;shutter_speed&quot;:&quot;0.038461538461538&quot;,&quot;title&quot;:&quot;&quot;}\" data-image-title=\"DSCN0776\" data-image-description=\"\" data-medium-file=\"https:\/\/i0.wp.com\/www1.unicap.br\/assecom1\/wp-content\/uploads\/2012\/09\/DSCN0776.jpg?fit=300%2C225&amp;ssl=1\" data-large-file=\"https:\/\/i0.wp.com\/www1.unicap.br\/assecom1\/wp-content\/uploads\/2012\/09\/DSCN0776.jpg?fit=640%2C480&amp;ssl=1\" loading=\"lazy\" class=\"alignleft size-medium wp-image-33798\" src=\"https:\/\/i0.wp.com\/www1.unicap.br\/assecom1\/wp-content\/uploads\/2012\/09\/DSCN0776.jpg?resize=300%2C225&#038;ssl=1\" alt=\"\" srcset=\"https:\/\/i0.wp.com\/www1.unicap.br\/assecom1\/wp-content\/uploads\/2012\/09\/DSCN0776.jpg?resize=300%2C225&amp;ssl=1 300w, https:\/\/i0.wp.com\/www1.unicap.br\/assecom1\/wp-content\/uploads\/2012\/09\/DSCN0776.jpg?resize=1024%2C768&amp;ssl=1 1024w, https:\/\/i0.wp.com\/www1.unicap.br\/assecom1\/wp-content\/uploads\/2012\/09\/DSCN0776.jpg?resize=250%2C187&amp;ssl=1 250w, https:\/\/i0.wp.com\/www1.unicap.br\/assecom1\/wp-content\/uploads\/2012\/09\/DSCN0776.jpg?w=1280&amp;ssl=1 1280w, https:\/\/i0.wp.com\/www1.unicap.br\/assecom1\/wp-content\/uploads\/2012\/09\/DSCN0776.jpg?w=1920&amp;ssl=1 1920w\" sizes=\"(max-width: 300px) 100vw, 300px\" data-recalc-dims=\"1\" \/><\/a>Para come\u00e7ar a fazer as experi\u00eancias qu\u00edmicas do dia, Andressa explicou o que s\u00e3o misturas homog\u00eaneas e heterog\u00eaneas. Logo ap\u00f3s, fez uma experi\u00eancia com a mistura heterog\u00eanea, com \u00e1gua e \u00f3leo, podendo ent\u00e3o ser observado que as subst\u00e2ncias n\u00e3o se misturam, formando assim duas fases.<\/p>\n<p>Em seguida, comentou a parte da qu\u00edmica nos alimentos, exemplificando o amido, que \u00e9 um polissacar\u00eddeo sintetizado pelos vegetais, para ser utilizado como reserva energ\u00e9tica. Finalizou com uma experi\u00eancia muito divertida com o amido e \u00e1gua, com um l\u00edquido que quer ser s\u00f3lido.<\/p>\n","protected":false},"excerpt":{"rendered":"<p>A Funda\u00e7\u00e3o F\u00e9 e Alegria em Pernambuco (Fya), juntamente com\u00a0o Conselho Estadual de Defesa dos Direitos da Crian\u00e7a e do Adolescente (CEDCA-PE) e\u00a0o Liceu de Artes e Of\u00edcios, realizou quarta-feira (19)\u00a0uma oficina de qu\u00edmica com a professora Andressa Cavalcanti\u00a0 para os alunos do Apoio Pedag\u00f3gico. A professora iniciou as atividades exibindo um v\u00eddeo para os [&hellip;]<\/p>\n","protected":false},"author":11,"featured_media":0,"comment_status":"open","ping_status":"open","sticky":false,"template":"","format":"standard","meta":[],"categories":[4],"tags":[],"jetpack-related-posts":[],"_links":{"self":[{"href":"https:\/\/www1.unicap.br\/assecom1\/wp-json\/wp\/v2\/posts\/33790"}],"collection":[{"href":"https:\/\/www1.unicap.br\/assecom1\/wp-json\/wp\/v2\/posts"}],"about":[{"href":"https:\/\/www1.unicap.br\/assecom1\/wp-json\/wp\/v2\/types\/post"}],"author":[{"embeddable":true,"href":"https:\/\/www1.unicap.br\/assecom1\/wp-json\/wp\/v2\/users\/11"}],"replies":[{"embeddable":true,"href":"https:\/\/www1.unicap.br\/assecom1\/wp-json\/wp\/v2\/comments?post=33790"}],"version-history":[{"count":4,"href":"https:\/\/www1.unicap.br\/assecom1\/wp-json\/wp\/v2\/posts\/33790\/revisions"}],"predecessor-version":[{"id":33829,"href":"https:\/\/www1.unicap.br\/assecom1\/wp-json\/wp\/v2\/posts\/33790\/revisions\/33829"}],"wp:attachment":[{"href":"https:\/\/www1.unicap.br\/assecom1\/wp-json\/wp\/v2\/media?parent=33790"}],"wp:term":[{"taxonomy":"category","embeddable":true,"href":"https:\/\/www1.unicap.br\/assecom1\/wp-json\/wp\/v2\/categories?post=33790"},{"taxonomy":"post_tag","embeddable":true,"href":"https:\/\/www1.unicap.br\/assecom1\/wp-json\/wp\/v2\/tags?post=33790"}],"curies":[{"name":"wp","href":"https:\/\/api.w.org\/{rel}","templated":true}]}}