{"id":33741,"date":"2012-09-24T23:41:20","date_gmt":"2012-09-24T23:41:20","guid":{"rendered":"http:\/\/www.unicap.br\/assecom1\/?p=33741"},"modified":"2012-09-24T23:47:00","modified_gmt":"2012-09-24T23:47:00","slug":"mpb-unicap-apresenta-nesta-terca-feira-no-parque-dona-lindu-show-em-comemoracao-aos-61-anos-da-catolica","status":"publish","type":"post","link":"https:\/\/www1.unicap.br\/assecom1\/mpb-unicap-apresenta-nesta-terca-feira-no-parque-dona-lindu-show-em-comemoracao-aos-61-anos-da-catolica\/","title":{"rendered":"MPB Unicap apresenta nesta ter\u00e7a-feira no Parque Dona Lindu show em comemora\u00e7\u00e3o aos 61 anos da Cat\u00f3lica"},"content":{"rendered":"<div id=\"divMateria\">\n<p><img loading=\"lazy\" src=\"https:\/\/i1.wp.com\/img1.ne10.uol.com.br\/repositorio\/noticia\/3d7f062e0335a1a719072c87e6379af9.jpg?resize=470%2C230\" alt=\"3d7f062e0335a1a719072c87e6379af9.jpg\" data-recalc-dims=\"1\" \/><\/p>\n<p>Can\u00e7\u00f5es de grandes cantores compositores, como Caetano Veloso, Milton Nascimento, Chico Buarque e Gilberto Gil, que foram proibidas de serem gravadas durante o per\u00edodo da Ditadura Militar no Brasil, integram o repert\u00f3rio do musical &#8220;Com Censura: m\u00fasicas da Ditadura&#8221;, que ser\u00e1 apresentado nesta ter\u00e7a-feira (25), \u00e0s 20h, no Teatro Luiz Mendon\u00e7a, Parque Dona Lindu, com entrada franca. O show \u00e9 produzido pelos m\u00fasicos do grupo MPB Unicap, da Universidade Cat\u00f3lica de Pernambuco.<\/p>\n<p>O repert\u00f3rio \u00e9 formado por cl\u00e1ssicos como Apesar de Voc\u00ea e C\u00e1lice, de Chico Buarque, contando tamb\u00e9m as m\u00fasicas mais inusitadas como Pare de Tomar a P\u00edlula, de Odair Jos\u00e9, e Como Vov\u00f3 J\u00e1 Dizia, de Raul Seixas. Al\u00e9m da execu\u00e7\u00e3o das m\u00fasicas, o show ter\u00e1 a proje\u00e7\u00e3o de fotos e documentos originais da \u00e9poca, e a narra\u00e7\u00e3o de textos de pessoas que viveram nos anos de chumbo.<\/p>\n<p>O evento marca o in\u00edcio das comemora\u00e7\u00f5es dos 61 anos da Unicap e conta com a parceria da Prefeitura do Recife. Os interessados em assistir ao espet\u00e1culo podem pegar o ingresso na bilheteria do teatro, no dia da apresenta\u00e7\u00e3o, a partir das 14h.<\/p>\n<\/div>\n<p>&nbsp;<\/p>\n<div id=\"foto-hor-nova\">\n<\/div>\n<p>&nbsp;<\/p>\n","protected":false},"excerpt":{"rendered":"<p>Can\u00e7\u00f5es de grandes cantores compositores, como Caetano Veloso, Milton Nascimento, Chico Buarque e Gilberto Gil, que foram proibidas de serem gravadas durante o per\u00edodo da Ditadura Militar no Brasil, integram o repert\u00f3rio do musical &#8220;Com Censura: m\u00fasicas da Ditadura&#8221;, que ser\u00e1 apresentado nesta ter\u00e7a-feira (25), \u00e0s 20h, no Teatro Luiz Mendon\u00e7a, Parque Dona Lindu, com [&hellip;]<\/p>\n","protected":false},"author":2,"featured_media":0,"comment_status":"open","ping_status":"open","sticky":false,"template":"","format":"standard","meta":[],"categories":[4],"tags":[],"jetpack-related-posts":[],"_links":{"self":[{"href":"https:\/\/www1.unicap.br\/assecom1\/wp-json\/wp\/v2\/posts\/33741"}],"collection":[{"href":"https:\/\/www1.unicap.br\/assecom1\/wp-json\/wp\/v2\/posts"}],"about":[{"href":"https:\/\/www1.unicap.br\/assecom1\/wp-json\/wp\/v2\/types\/post"}],"author":[{"embeddable":true,"href":"https:\/\/www1.unicap.br\/assecom1\/wp-json\/wp\/v2\/users\/2"}],"replies":[{"embeddable":true,"href":"https:\/\/www1.unicap.br\/assecom1\/wp-json\/wp\/v2\/comments?post=33741"}],"version-history":[{"count":5,"href":"https:\/\/www1.unicap.br\/assecom1\/wp-json\/wp\/v2\/posts\/33741\/revisions"}],"predecessor-version":[{"id":33745,"href":"https:\/\/www1.unicap.br\/assecom1\/wp-json\/wp\/v2\/posts\/33741\/revisions\/33745"}],"wp:attachment":[{"href":"https:\/\/www1.unicap.br\/assecom1\/wp-json\/wp\/v2\/media?parent=33741"}],"wp:term":[{"taxonomy":"category","embeddable":true,"href":"https:\/\/www1.unicap.br\/assecom1\/wp-json\/wp\/v2\/categories?post=33741"},{"taxonomy":"post_tag","embeddable":true,"href":"https:\/\/www1.unicap.br\/assecom1\/wp-json\/wp\/v2\/tags?post=33741"}],"curies":[{"name":"wp","href":"https:\/\/api.w.org\/{rel}","templated":true}]}}