{"id":33513,"date":"2012-09-18T22:41:25","date_gmt":"2012-09-18T22:41:25","guid":{"rendered":"http:\/\/www.unicap.br\/assecom1\/?p=33513"},"modified":"2012-09-18T22:41:25","modified_gmt":"2012-09-18T22:41:25","slug":"semana-de-jornalismo-da-catolica-teve-inicio-nesta-terca-feira","status":"publish","type":"post","link":"https:\/\/www1.unicap.br\/assecom1\/semana-de-jornalismo-da-catolica-teve-inicio-nesta-terca-feira\/","title":{"rendered":"Semana de Jornalismo da Cat\u00f3lica teve in\u00edcio nesta ter\u00e7a-feira"},"content":{"rendered":"<p>A 8\u00aa Semana de Jornalismo da Universidade Cat\u00f3lica de Pernambuco (Unicap) come\u00e7ou nesta ter\u00e7a-feira (18). O primeiro debate teve in\u00edcio \u00e0s 14h, na sala 510 do bloco A, e teve como tema <em>\u201cElei\u00e7\u00f5es municipais: e eu com isso?\u201d<\/em>.<\/p>\n<p>Os convidados da tarde foram os cientistas pol\u00edticos Adriano Oliveira (UFPE) e Thales Castro (Unicap). O debate teve a media\u00e7\u00e3o do coordenador do curso de Jornalismo da Cat\u00f3lica, Juliano Domingues. <em><\/em>Os palestrantes interagiram com os alunos do curso, respondendo as d\u00favidas da plateia.<\/p>\n<p>O evento ter\u00e1 continuidade ainda nesta noite, das 19h \u00e0s 21h30, com o tema <em>&#8220;O R\u00e1dio e as Elei\u00e7\u00f5es: a cobertura da R\u00e1dio Jornal AM<\/em>&#8221; e ter\u00e1 como convidados Aroldo Costa (R\u00e1dio Jornal), Carlos Moraes (R\u00e1dio Jornal) e Andrea Trigueiro (jornalista). A media\u00e7\u00e3o ser\u00e1 feita pelo professor do curso de Jornalismo da Unicap Paulo Fradique.<\/p>\n","protected":false},"excerpt":{"rendered":"<p>A 8\u00aa Semana de Jornalismo da Universidade Cat\u00f3lica de Pernambuco (Unicap) come\u00e7ou nesta ter\u00e7a-feira (18). O primeiro debate teve in\u00edcio \u00e0s 14h, na sala 510 do bloco A, e teve como tema \u201cElei\u00e7\u00f5es municipais: e eu com isso?\u201d. Os convidados da tarde foram os cientistas pol\u00edticos Adriano Oliveira (UFPE) e Thales Castro (Unicap). O debate [&hellip;]<\/p>\n","protected":false},"author":46,"featured_media":0,"comment_status":"open","ping_status":"open","sticky":false,"template":"","format":"standard","meta":[],"categories":[4],"tags":[],"jetpack-related-posts":[],"_links":{"self":[{"href":"https:\/\/www1.unicap.br\/assecom1\/wp-json\/wp\/v2\/posts\/33513"}],"collection":[{"href":"https:\/\/www1.unicap.br\/assecom1\/wp-json\/wp\/v2\/posts"}],"about":[{"href":"https:\/\/www1.unicap.br\/assecom1\/wp-json\/wp\/v2\/types\/post"}],"author":[{"embeddable":true,"href":"https:\/\/www1.unicap.br\/assecom1\/wp-json\/wp\/v2\/users\/46"}],"replies":[{"embeddable":true,"href":"https:\/\/www1.unicap.br\/assecom1\/wp-json\/wp\/v2\/comments?post=33513"}],"version-history":[{"count":2,"href":"https:\/\/www1.unicap.br\/assecom1\/wp-json\/wp\/v2\/posts\/33513\/revisions"}],"predecessor-version":[{"id":33529,"href":"https:\/\/www1.unicap.br\/assecom1\/wp-json\/wp\/v2\/posts\/33513\/revisions\/33529"}],"wp:attachment":[{"href":"https:\/\/www1.unicap.br\/assecom1\/wp-json\/wp\/v2\/media?parent=33513"}],"wp:term":[{"taxonomy":"category","embeddable":true,"href":"https:\/\/www1.unicap.br\/assecom1\/wp-json\/wp\/v2\/categories?post=33513"},{"taxonomy":"post_tag","embeddable":true,"href":"https:\/\/www1.unicap.br\/assecom1\/wp-json\/wp\/v2\/tags?post=33513"}],"curies":[{"name":"wp","href":"https:\/\/api.w.org\/{rel}","templated":true}]}}