{"id":33337,"date":"2012-09-12T23:22:25","date_gmt":"2012-09-12T23:22:25","guid":{"rendered":"http:\/\/www.unicap.br\/assecom1\/?p=33337"},"modified":"2012-09-12T23:22:25","modified_gmt":"2012-09-12T23:22:25","slug":"arcebispo-de-natal-tem-dissertacao-aprovada-no-mestrado-em-ciencias-da-religiao-da-catolica","status":"publish","type":"post","link":"https:\/\/www1.unicap.br\/assecom1\/arcebispo-de-natal-tem-dissertacao-aprovada-no-mestrado-em-ciencias-da-religiao-da-catolica\/","title":{"rendered":"Arcebispo de Natal tem disserta\u00e7\u00e3o aprovada no Mestrado em Ci\u00eancias da Religi\u00e3o da Cat\u00f3lica"},"content":{"rendered":"<figure id=\"attachment_33345\" aria-describedby=\"caption-attachment-33345\" style=\"width: 600px\" class=\"wp-caption alignnone\"><a href=\"https:\/\/i2.wp.com\/www1.unicap.br\/assecom1\/wp-content\/uploads\/2012\/09\/DSC2240_.jpg?ssl=1\"><img data-attachment-id=\"33345\" data-permalink=\"https:\/\/www1.unicap.br\/assecom1\/arcebispo-de-natal-tem-dissertacao-aprovada-no-mestrado-em-ciencias-da-religiao-da-catolica\/_dsc2240_\/\" data-orig-file=\"https:\/\/i1.wp.com\/www1.unicap.br\/assecom1\/wp-content\/uploads\/2012\/09\/DSC2240_-e1347483535451.jpg?fit=600%2C458&amp;ssl=1\" data-orig-size=\"600,458\" data-comments-opened=\"1\" data-image-meta=\"{&quot;aperture&quot;:&quot;0&quot;,&quot;credit&quot;:&quot;&quot;,&quot;camera&quot;:&quot;&quot;,&quot;caption&quot;:&quot;&quot;,&quot;created_timestamp&quot;:&quot;0&quot;,&quot;copyright&quot;:&quot;&quot;,&quot;focal_length&quot;:&quot;0&quot;,&quot;iso&quot;:&quot;0&quot;,&quot;shutter_speed&quot;:&quot;0&quot;,&quot;title&quot;:&quot;&quot;}\" data-image-title=\"_DSC2240_\" data-image-description=\"\" data-medium-file=\"https:\/\/i1.wp.com\/www1.unicap.br\/assecom1\/wp-content\/uploads\/2012\/09\/DSC2240_-e1347483535451.jpg?fit=300%2C229&amp;ssl=1\" data-large-file=\"https:\/\/i1.wp.com\/www1.unicap.br\/assecom1\/wp-content\/uploads\/2012\/09\/DSC2240_-e1347483535451.jpg?fit=600%2C458&amp;ssl=1\" loading=\"lazy\" class=\"size-full wp-image-33345 \" title=\"Foto: Carolina Nogueira\" src=\"https:\/\/i1.wp.com\/www1.unicap.br\/assecom1\/wp-content\/uploads\/2012\/09\/DSC2240_-e1347483535451.jpg?resize=600%2C458&#038;ssl=1\" alt=\"\" data-recalc-dims=\"1\" \/><\/a><figcaption id=\"caption-attachment-33345\" class=\"wp-caption-text\">Fotos: Carolina Nogueira<\/figcaption><\/figure>\n<p>O Arcebisbo de Natal, Dom Jaime Vieira Rocha, aluno do Mestrado em Ci\u00eancias da Religi\u00e3o da Universidade Cat\u00f3lica de Pernambuco, teve sua disserta\u00e7\u00e3o, \u201cMonsenhor Expedito Sobral de Medeiros: um arauto da dignidade humana no sert\u00e3o potiguar\u201d, aprovada. A defesa ocorreu na manh\u00e3 do dia 06, no Anfiteatro do bloco G4 da Unicap.<\/p>\n<p>O trabalho, orientado pelo professor Newton Cabral, trata da vida do Monsenhor Expedito Sobral de Medeiros (1916 \u2013 2000), um pastor cat\u00f3lico que exerceu, simultaneamente, o of\u00edcio de sacerdote e o carisma de profeta do povo de Deus, no sert\u00e3o potiguar. A pesquisa de ordem bibliogr\u00e1fica se deteve no estudo de fontes documentais, registros biogr\u00e1ficos e autobiogr\u00e1ficos. Teve como objetivo mostrar o enlace da miss\u00e3o espiritual e pol\u00edtica na promo\u00e7\u00e3o da dignidade da pessoa humana. O estudo oportuniza compreender como \u00e9 poss\u00edvel dispor a voca\u00e7\u00e3o a servi\u00e7o dos que est\u00e3o \u00e0 margem da sociedade, em um cont\u00ednuo exerc\u00edcio de inclus\u00e3o social e religiosa, sem esquecer a racionalidade eclesi\u00e1stica que combina f\u00e9 e pol\u00edtica. A luta contra a explora\u00e7\u00e3o que se realizava atrav\u00e9s da ind\u00fastria da seca e a persistente busca pela resolu\u00e7\u00e3o do problema da falta de \u00e1gua fez o Monsenhor Expedito ser um sinal de esperan\u00e7a e anunciador de um novo tempo.<\/p>\n<p><a href=\"https:\/\/i2.wp.com\/www1.unicap.br\/assecom1\/wp-content\/uploads\/2012\/09\/DSC2252_.jpg?ssl=1\"><img data-attachment-id=\"33344\" data-permalink=\"https:\/\/www1.unicap.br\/assecom1\/arcebispo-de-natal-tem-dissertacao-aprovada-no-mestrado-em-ciencias-da-religiao-da-catolica\/_dsc2252_\/\" data-orig-file=\"https:\/\/i2.wp.com\/www1.unicap.br\/assecom1\/wp-content\/uploads\/2012\/09\/DSC2252_.jpg?fit=1000%2C664&amp;ssl=1\" data-orig-size=\"1000,664\" data-comments-opened=\"1\" data-image-meta=\"{&quot;aperture&quot;:&quot;0&quot;,&quot;credit&quot;:&quot;&quot;,&quot;camera&quot;:&quot;&quot;,&quot;caption&quot;:&quot;&quot;,&quot;created_timestamp&quot;:&quot;0&quot;,&quot;copyright&quot;:&quot;&quot;,&quot;focal_length&quot;:&quot;0&quot;,&quot;iso&quot;:&quot;0&quot;,&quot;shutter_speed&quot;:&quot;0&quot;,&quot;title&quot;:&quot;&quot;}\" data-image-title=\"Foto: Carolina Nogueira\" data-image-description=\"\" data-medium-file=\"https:\/\/i2.wp.com\/www1.unicap.br\/assecom1\/wp-content\/uploads\/2012\/09\/DSC2252_.jpg?fit=300%2C199&amp;ssl=1\" data-large-file=\"https:\/\/i2.wp.com\/www1.unicap.br\/assecom1\/wp-content\/uploads\/2012\/09\/DSC2252_.jpg?fit=640%2C425&amp;ssl=1\" loading=\"lazy\" class=\"alignright size-medium wp-image-33344\" title=\"Foto: Carolina Nogueira\" src=\"https:\/\/i2.wp.com\/www1.unicap.br\/assecom1\/wp-content\/uploads\/2012\/09\/DSC2252_.jpg?resize=300%2C199&#038;ssl=1\" alt=\"\" srcset=\"https:\/\/i2.wp.com\/www1.unicap.br\/assecom1\/wp-content\/uploads\/2012\/09\/DSC2252_.jpg?resize=300%2C199&amp;ssl=1 300w, https:\/\/i2.wp.com\/www1.unicap.br\/assecom1\/wp-content\/uploads\/2012\/09\/DSC2252_.jpg?resize=250%2C166&amp;ssl=1 250w, https:\/\/i2.wp.com\/www1.unicap.br\/assecom1\/wp-content\/uploads\/2012\/09\/DSC2252_.jpg?w=1000&amp;ssl=1 1000w\" sizes=\"(max-width: 300px) 100vw, 300px\" data-recalc-dims=\"1\" \/><\/a>A banca examinadora foi composta pelo orientador do trabalho, professor Newton Cabral; pelo coordenador do Mestrado e avaliador interno, professor Gilbraz Arag\u00e3o; pelas avaliadoras externas, professoras Sylvana Maria Brand\u00e3o de Aguiar e Emanuela Ribeiro, ambas da UFPE.<\/p>\n<p><a href=\"https:\/\/i1.wp.com\/www1.unicap.br\/assecom1\/wp-content\/uploads\/2012\/09\/DSC2216_.jpg?ssl=1\"><img data-attachment-id=\"33341\" data-permalink=\"https:\/\/www1.unicap.br\/assecom1\/arcebispo-de-natal-tem-dissertacao-aprovada-no-mestrado-em-ciencias-da-religiao-da-catolica\/_dsc2216_\/\" data-orig-file=\"https:\/\/i1.wp.com\/www1.unicap.br\/assecom1\/wp-content\/uploads\/2012\/09\/DSC2216_.jpg?fit=1000%2C664&amp;ssl=1\" data-orig-size=\"1000,664\" data-comments-opened=\"1\" data-image-meta=\"{&quot;aperture&quot;:&quot;0&quot;,&quot;credit&quot;:&quot;&quot;,&quot;camera&quot;:&quot;&quot;,&quot;caption&quot;:&quot;&quot;,&quot;created_timestamp&quot;:&quot;0&quot;,&quot;copyright&quot;:&quot;&quot;,&quot;focal_length&quot;:&quot;0&quot;,&quot;iso&quot;:&quot;0&quot;,&quot;shutter_speed&quot;:&quot;0&quot;,&quot;title&quot;:&quot;&quot;}\" data-image-title=\"Foto: Carolina Nogueira\" data-image-description=\"\" data-medium-file=\"https:\/\/i1.wp.com\/www1.unicap.br\/assecom1\/wp-content\/uploads\/2012\/09\/DSC2216_.jpg?fit=300%2C199&amp;ssl=1\" data-large-file=\"https:\/\/i1.wp.com\/www1.unicap.br\/assecom1\/wp-content\/uploads\/2012\/09\/DSC2216_.jpg?fit=640%2C425&amp;ssl=1\" loading=\"lazy\" class=\"alignleft size-thumbnail wp-image-33341\" title=\"Foto: Carolina Nogueira\" src=\"https:\/\/i1.wp.com\/www1.unicap.br\/assecom1\/wp-content\/uploads\/2012\/09\/DSC2216_.jpg?resize=150%2C150&#038;ssl=1\" alt=\"\" srcset=\"https:\/\/i1.wp.com\/www1.unicap.br\/assecom1\/wp-content\/uploads\/2012\/09\/DSC2216_.jpg?resize=150%2C150&amp;ssl=1 150w, https:\/\/i1.wp.com\/www1.unicap.br\/assecom1\/wp-content\/uploads\/2012\/09\/DSC2216_.jpg?resize=300%2C300&amp;ssl=1 300w, https:\/\/i1.wp.com\/www1.unicap.br\/assecom1\/wp-content\/uploads\/2012\/09\/DSC2216_.jpg?zoom=3&amp;resize=150%2C150&amp;ssl=1 450w\" sizes=\"(max-width: 150px) 100vw, 150px\" data-recalc-dims=\"1\" \/><\/a>Ap\u00f3s a aprova\u00e7\u00e3o, Dom Jaime Vieira Rocha falou sobre o que estava sentindo naquele momento. \u201cO sentimento \u00e9 de vit\u00f3ria e gratid\u00e3o para com todas as pessoas que me incentivaram, me compreenderam nesta realidade. Imaginem, eu, como Bispo de uma cidade como Capina Grande (PB), j\u00e1 na reta final do curso, tendo sido transferido para Natal (RN), onde a responsabilidade aumentou mais ainda. Isso aconteceu em fevereiro deste ano. Veja como eu tive de me esfor\u00e7ar bastante. Sei que alguns professores, com toda raz\u00e3o, temiam que eu n\u00e3o conclu\u00edsse esse mestrado e aqui estamos. Por isso, esse meu sentimento \u00e9 de muita alegria, gratid\u00e3o e, tamb\u00e9m, tendo a certeza de que esta minha atitude tem chamado aten\u00e7\u00e3o, incentivado ao clero mais jovem o gosto pelos estudos e pela reatualiza\u00e7\u00e3o. Estou com 65 anos e acho que n\u00f3s devemos estar abertos a cada momento, n\u00e3o sermos petulantes, acharmos que j\u00e1 somos os donos da verdade, que n\u00e3o temos mais nada a aprender, nem receber dos outros e nem o que temos para partilhar. Isso foi para mim algo muito gratificante e agrade\u00e7o realmente a Deus.\u00a0A conviv\u00eancia aqui no ambiente universit\u00e1rio, na Unicap, no mundo acad\u00eamico, foi realmente uma gra\u00e7a e sei que esse meu gesto tem servido muito como algo que chama aten\u00e7\u00e3o.\u201d<\/p>\n<p><a href=\"https:\/\/i0.wp.com\/www1.unicap.br\/assecom1\/wp-content\/uploads\/2012\/09\/DSC2223_.jpg?ssl=1\"><img data-attachment-id=\"33342\" data-permalink=\"https:\/\/www1.unicap.br\/assecom1\/arcebispo-de-natal-tem-dissertacao-aprovada-no-mestrado-em-ciencias-da-religiao-da-catolica\/_dsc2223_\/\" data-orig-file=\"https:\/\/i0.wp.com\/www1.unicap.br\/assecom1\/wp-content\/uploads\/2012\/09\/DSC2223_.jpg?fit=1000%2C1000&amp;ssl=1\" data-orig-size=\"1000,1000\" data-comments-opened=\"1\" data-image-meta=\"{&quot;aperture&quot;:&quot;0&quot;,&quot;credit&quot;:&quot;&quot;,&quot;camera&quot;:&quot;&quot;,&quot;caption&quot;:&quot;&quot;,&quot;created_timestamp&quot;:&quot;0&quot;,&quot;copyright&quot;:&quot;&quot;,&quot;focal_length&quot;:&quot;0&quot;,&quot;iso&quot;:&quot;0&quot;,&quot;shutter_speed&quot;:&quot;0&quot;,&quot;title&quot;:&quot;&quot;}\" data-image-title=\"Foto: Carolina Nogueira\" data-image-description=\"\" data-medium-file=\"https:\/\/i0.wp.com\/www1.unicap.br\/assecom1\/wp-content\/uploads\/2012\/09\/DSC2223_.jpg?fit=300%2C300&amp;ssl=1\" data-large-file=\"https:\/\/i0.wp.com\/www1.unicap.br\/assecom1\/wp-content\/uploads\/2012\/09\/DSC2223_.jpg?fit=640%2C640&amp;ssl=1\" loading=\"lazy\" class=\"alignright size-thumbnail wp-image-33342\" title=\"Foto: Carolina Nogueira\" src=\"https:\/\/i0.wp.com\/www1.unicap.br\/assecom1\/wp-content\/uploads\/2012\/09\/DSC2223_.jpg?resize=150%2C150&#038;ssl=1\" alt=\"\" srcset=\"https:\/\/i0.wp.com\/www1.unicap.br\/assecom1\/wp-content\/uploads\/2012\/09\/DSC2223_.jpg?resize=150%2C150&amp;ssl=1 150w, https:\/\/i0.wp.com\/www1.unicap.br\/assecom1\/wp-content\/uploads\/2012\/09\/DSC2223_.jpg?resize=300%2C300&amp;ssl=1 300w, https:\/\/i0.wp.com\/www1.unicap.br\/assecom1\/wp-content\/uploads\/2012\/09\/DSC2223_.jpg?resize=250%2C250&amp;ssl=1 250w, https:\/\/i0.wp.com\/www1.unicap.br\/assecom1\/wp-content\/uploads\/2012\/09\/DSC2223_.jpg?w=1000&amp;ssl=1 1000w\" sizes=\"(max-width: 150px) 100vw, 150px\" data-recalc-dims=\"1\" \/><\/a>O orientador da disserta\u00e7\u00e3o, professor Newton Cabral, falou da sensa\u00e7\u00e3o de dever cumprido. \u201cO trabalho versa sobre um sacerdote que eu cheguei a conhecer em minha inf\u00e2ncia e adolesc\u00eancia, l\u00e1 no Rio Grande do Norte. Era uma pessoa que merecia, de fato, ter mais um estudo, porque j\u00e1 existe um outro registrado, para que n\u00e3o se perca a mem\u00f3ria de uma pessoa que foi t\u00e3o interessante. Nos anos 60, por exemplo, a Editora Vozes lan\u00e7ou uma cole\u00e7\u00e3o sobre renova\u00e7\u00e3o paroquial no Brasil e o primeiro volume sobre o assunto foi exatamente sobre S\u00e3o Paulo do Potengi (RN), onde o padre que foi estudado era o p\u00e1roco. A sensa\u00e7\u00e3o que fica \u00e9 de dever cumprido. Mais um mestrando que conclui bem. Eu vejo Dom Jaime como um exemplo para muitos jovens, n\u00e3o s\u00f3 os nossos jovens mestrandos, inclusive os jovens padres da arquidiocese de onde ele \u00e9 o Bispo, assim como, dos pr\u00f3prios seminaristas. Quando ele fala da necessidade de forma\u00e7\u00e3o permanente, ele fala com muita pertin\u00eancia, porque ele \u00e9 um exemplo disso.\u201d<\/p>\n<p><a href=\"https:\/\/i2.wp.com\/www1.unicap.br\/assecom1\/wp-content\/uploads\/2012\/09\/DSC2233_.jpg?ssl=1\"><img data-attachment-id=\"33340\" data-permalink=\"https:\/\/www1.unicap.br\/assecom1\/arcebispo-de-natal-tem-dissertacao-aprovada-no-mestrado-em-ciencias-da-religiao-da-catolica\/_dsc2233_\/\" data-orig-file=\"https:\/\/i2.wp.com\/www1.unicap.br\/assecom1\/wp-content\/uploads\/2012\/09\/DSC2233_.jpg?fit=1000%2C916&amp;ssl=1\" data-orig-size=\"1000,916\" data-comments-opened=\"1\" data-image-meta=\"{&quot;aperture&quot;:&quot;0&quot;,&quot;credit&quot;:&quot;&quot;,&quot;camera&quot;:&quot;&quot;,&quot;caption&quot;:&quot;&quot;,&quot;created_timestamp&quot;:&quot;0&quot;,&quot;copyright&quot;:&quot;&quot;,&quot;focal_length&quot;:&quot;0&quot;,&quot;iso&quot;:&quot;0&quot;,&quot;shutter_speed&quot;:&quot;0&quot;,&quot;title&quot;:&quot;&quot;}\" data-image-title=\"Foto: Carolina Nogueira\" data-image-description=\"\" data-medium-file=\"https:\/\/i2.wp.com\/www1.unicap.br\/assecom1\/wp-content\/uploads\/2012\/09\/DSC2233_.jpg?fit=300%2C274&amp;ssl=1\" data-large-file=\"https:\/\/i2.wp.com\/www1.unicap.br\/assecom1\/wp-content\/uploads\/2012\/09\/DSC2233_.jpg?fit=640%2C586&amp;ssl=1\" loading=\"lazy\" class=\"alignleft size-thumbnail wp-image-33340\" title=\"Foto: Carolina Nogueira\" src=\"https:\/\/i2.wp.com\/www1.unicap.br\/assecom1\/wp-content\/uploads\/2012\/09\/DSC2233_.jpg?resize=150%2C150&#038;ssl=1\" alt=\"\" srcset=\"https:\/\/i2.wp.com\/www1.unicap.br\/assecom1\/wp-content\/uploads\/2012\/09\/DSC2233_.jpg?resize=150%2C150&amp;ssl=1 150w, https:\/\/i2.wp.com\/www1.unicap.br\/assecom1\/wp-content\/uploads\/2012\/09\/DSC2233_.jpg?resize=300%2C300&amp;ssl=1 300w, https:\/\/i2.wp.com\/www1.unicap.br\/assecom1\/wp-content\/uploads\/2012\/09\/DSC2233_.jpg?zoom=3&amp;resize=150%2C150&amp;ssl=1 450w\" sizes=\"(max-width: 150px) 100vw, 150px\" data-recalc-dims=\"1\" \/><\/a>Professor Gilbraz Arag\u00e3o coordenador do Mestrado fala do orgulho de ter tido Dom Jaime como aluno do curso. \u201cA presen\u00e7a de Dom Jaime com a defesa da disserta\u00e7\u00e3o dele hoje enche a gente de orgulho, n\u00e3o s\u00f3 porque \u00e9 um Bispo, uma autoridade de uma religi\u00e3o, de uma igreja, mas tamb\u00e9m porque \u00e9 um senhor, que j\u00e1 maduro, voltou \u00e0s bancas escolares, dando exemplo para os seus seminaristas e cumpriu todos os requisitos exigidos de um estudante que est\u00e1 fazendo p\u00f3s-gradua\u00e7\u00e3o. Isso para a gente \u00e9, de fato, um evento extraordin\u00e1rio, porque a f\u00e9 que \u00e9 cultivada nas religi\u00f5es nem sempre se faz acompanhar de uma reflex\u00e3o racional, para que ela seja tamb\u00e9m razo\u00e1vel e aqui a gente tem um exemplo que serve para contagiar os mais jovens de que, como dizia Einstein: se a religi\u00e3o n\u00e3o tiver um pouco de ci\u00eancia fica meio cega e, em contrapartida, se a ci\u00eancia n\u00e3o tiver um pouco de religi\u00e3o fica manca.<\/p>\n<p><a href=\"https:\/\/i2.wp.com\/www1.unicap.br\/assecom1\/wp-content\/uploads\/2012\/09\/DSC2227_.jpg?ssl=1\"><img data-attachment-id=\"33343\" data-permalink=\"https:\/\/www1.unicap.br\/assecom1\/arcebispo-de-natal-tem-dissertacao-aprovada-no-mestrado-em-ciencias-da-religiao-da-catolica\/_dsc2227_\/\" data-orig-file=\"https:\/\/i2.wp.com\/www1.unicap.br\/assecom1\/wp-content\/uploads\/2012\/09\/DSC2227_.jpg?fit=941%2C1000&amp;ssl=1\" data-orig-size=\"941,1000\" data-comments-opened=\"1\" data-image-meta=\"{&quot;aperture&quot;:&quot;0&quot;,&quot;credit&quot;:&quot;&quot;,&quot;camera&quot;:&quot;&quot;,&quot;caption&quot;:&quot;&quot;,&quot;created_timestamp&quot;:&quot;0&quot;,&quot;copyright&quot;:&quot;&quot;,&quot;focal_length&quot;:&quot;0&quot;,&quot;iso&quot;:&quot;0&quot;,&quot;shutter_speed&quot;:&quot;0&quot;,&quot;title&quot;:&quot;&quot;}\" data-image-title=\"Foto: Carolina Nogueira\" data-image-description=\"\" data-medium-file=\"https:\/\/i2.wp.com\/www1.unicap.br\/assecom1\/wp-content\/uploads\/2012\/09\/DSC2227_.jpg?fit=282%2C300&amp;ssl=1\" data-large-file=\"https:\/\/i2.wp.com\/www1.unicap.br\/assecom1\/wp-content\/uploads\/2012\/09\/DSC2227_.jpg?fit=640%2C680&amp;ssl=1\" loading=\"lazy\" class=\"alignright size-thumbnail wp-image-33343\" title=\"Foto: Carolina Nogueira\" src=\"https:\/\/i2.wp.com\/www1.unicap.br\/assecom1\/wp-content\/uploads\/2012\/09\/DSC2227_.jpg?resize=150%2C150&#038;ssl=1\" alt=\"\" srcset=\"https:\/\/i2.wp.com\/www1.unicap.br\/assecom1\/wp-content\/uploads\/2012\/09\/DSC2227_.jpg?resize=150%2C150&amp;ssl=1 150w, https:\/\/i2.wp.com\/www1.unicap.br\/assecom1\/wp-content\/uploads\/2012\/09\/DSC2227_.jpg?resize=300%2C300&amp;ssl=1 300w, https:\/\/i2.wp.com\/www1.unicap.br\/assecom1\/wp-content\/uploads\/2012\/09\/DSC2227_.jpg?zoom=3&amp;resize=150%2C150&amp;ssl=1 450w\" sizes=\"(max-width: 150px) 100vw, 150px\" data-recalc-dims=\"1\" \/><\/a>O Pr\u00f3-reitor Comunit\u00e1rio, Padre L\u00facio Fl\u00e1vio Cirne, na ocasi\u00e3o representando o Reitor Padre Pedro Rubens, falou da import\u00e2ncia do momento para a Unicap. \u201cDom Jaime, Arcebispo de Natal, que foi Bispo de Campina Grande, minha cidade natal, representa uma figura da Igreja e, para a Unicap, \u00e9 expressiva essa presen\u00e7a. A gente est\u00e1 a servi\u00e7o da sociedade, mas em sintonia com a Igreja. Dom Jaime, como aluno nosso, representa muito bem essa presen\u00e7a da Igreja de forma bem singular, Bispo e, ao mesmo tempo, aluno. Particularmente, o tema que ele defende na sua disserta\u00e7\u00e3o de Mestrado se refere a algu\u00e9m que h\u00e1 anos j\u00e1 se preocupava com uma quest\u00e3o social de tremenda import\u00e2ncia que \u00e9 a quest\u00e3o das \u00e1guas. Ent\u00e3o, l\u00e1 no interior do Rio Grande do Norte, um padre, no s\u00e9culo passado,\u00a0 j\u00e1 tinha essa dimens\u00e3o social em seu apostolado. Um tema atual, pertinente e mostra como a Igreja est\u00e1 atenta a essas quest\u00f5es sociais.\u201d<\/p>\n","protected":false},"excerpt":{"rendered":"<p>O Arcebisbo de Natal, Dom Jaime Vieira Rocha, aluno do Mestrado em Ci\u00eancias da Religi\u00e3o da Universidade Cat\u00f3lica de Pernambuco, teve sua disserta\u00e7\u00e3o, \u201cMonsenhor Expedito Sobral de Medeiros: um arauto da dignidade humana no sert\u00e3o potiguar\u201d, aprovada. A defesa ocorreu na manh\u00e3 do dia 06, no Anfiteatro do bloco G4 da Unicap. O trabalho, orientado [&hellip;]<\/p>\n","protected":false},"author":3,"featured_media":0,"comment_status":"open","ping_status":"open","sticky":false,"template":"","format":"standard","meta":[],"categories":[4],"tags":[],"jetpack-related-posts":[],"_links":{"self":[{"href":"https:\/\/www1.unicap.br\/assecom1\/wp-json\/wp\/v2\/posts\/33337"}],"collection":[{"href":"https:\/\/www1.unicap.br\/assecom1\/wp-json\/wp\/v2\/posts"}],"about":[{"href":"https:\/\/www1.unicap.br\/assecom1\/wp-json\/wp\/v2\/types\/post"}],"author":[{"embeddable":true,"href":"https:\/\/www1.unicap.br\/assecom1\/wp-json\/wp\/v2\/users\/3"}],"replies":[{"embeddable":true,"href":"https:\/\/www1.unicap.br\/assecom1\/wp-json\/wp\/v2\/comments?post=33337"}],"version-history":[{"count":4,"href":"https:\/\/www1.unicap.br\/assecom1\/wp-json\/wp\/v2\/posts\/33337\/revisions"}],"predecessor-version":[{"id":33358,"href":"https:\/\/www1.unicap.br\/assecom1\/wp-json\/wp\/v2\/posts\/33337\/revisions\/33358"}],"wp:attachment":[{"href":"https:\/\/www1.unicap.br\/assecom1\/wp-json\/wp\/v2\/media?parent=33337"}],"wp:term":[{"taxonomy":"category","embeddable":true,"href":"https:\/\/www1.unicap.br\/assecom1\/wp-json\/wp\/v2\/categories?post=33337"},{"taxonomy":"post_tag","embeddable":true,"href":"https:\/\/www1.unicap.br\/assecom1\/wp-json\/wp\/v2\/tags?post=33337"}],"curies":[{"name":"wp","href":"https:\/\/api.w.org\/{rel}","templated":true}]}}