{"id":33330,"date":"2012-09-14T15:04:44","date_gmt":"2012-09-14T15:04:44","guid":{"rendered":"http:\/\/www.unicap.br\/assecom1\/?p=33330"},"modified":"2012-09-14T15:04:44","modified_gmt":"2012-09-14T15:04:44","slug":"forum-sobre-questoes-do-envelhecimento-discute-a-saude-ocular","status":"publish","type":"post","link":"https:\/\/www1.unicap.br\/assecom1\/forum-sobre-questoes-do-envelhecimento-discute-a-saude-ocular\/","title":{"rendered":"F\u00f3rum Sobre Quest\u00f5es do Envelhecimento discute a sa\u00fade ocular"},"content":{"rendered":"<p>Foi realizada nesta ter\u00e7a-feira (11), no audit\u00f3rio G1 da Universidade Cat\u00f3lica de Pernambuco, mais uma edi\u00e7\u00e3o do F\u00f3rum Sobre Quest\u00f5es do Envelhecimento, com o tema \u201cSa\u00fade Ocular: catarata e glaucoma\u201d.<\/p>\n<p>A abertura do evento foi feita pelo diretor do Centro de Ci\u00eancias Biol\u00f3gicas e Sa\u00fade (CCBS), professor Aranildo Rodrigues. Ele, como de costume, deu as boas-vindas com uma mensagem. Desta vez, ele escolheu o texto \u201cO melhor conselho de um pai\u201d , do Padre Pedro Sottani. Em seguida, os respons\u00e1veis pela palestra, a oftalmologista Alzira Lins e a fisioterapeuta ocular Maria \u00c2ngela Dias, tiveram 30 minutos para falar sobre a sa\u00fade dos olhos.<\/p>\n<p>Al\u00e9m de falar sobre enfermidades oculares, como glaucoma e catarata, a oftalmologista mostrou a anatomia dos olhos e como dever ser o tratamento para as doen\u00e7as. \u201c\u00c9 necess\u00e1rio que todos entendam como \u00e9 a estrutura dos olhos para, quando falarmos das doen\u00e7as, eles possam perceber como funciona e o tratamento adequado\u201d, disse Alzira.<\/p>\n<p>Pelo fato da profiss\u00e3o de fisioterapeuta ocular n\u00e3o ser muito conhecida, Maria \u00c2ngela Dias explicou como os profissionais da \u00e1rea podem ajudar n\u00e3o s\u00f3 aos idosos, mas a todos que tenham um defeito na vis\u00e3o. \u201cS\u00e3o v\u00e1rios objetivos que a fisioterapia ocular tem. Trata-se de melhorar a focagem das imagens e movimenta\u00e7\u00e3o dos olhos, reparar a vis\u00e3o dupla e reeducar o equil\u00edbrio postural\u201d, afirmou. Depois do t\u00e9rmino das palestras, os presentes fizeram bastantes perguntas aos convidados.<\/p>\n","protected":false},"excerpt":{"rendered":"<p>Foi realizada nesta ter\u00e7a-feira (11), no audit\u00f3rio G1 da Universidade Cat\u00f3lica de Pernambuco, mais uma edi\u00e7\u00e3o do F\u00f3rum Sobre Quest\u00f5es do Envelhecimento, com o tema \u201cSa\u00fade Ocular: catarata e glaucoma\u201d. A abertura do evento foi feita pelo diretor do Centro de Ci\u00eancias Biol\u00f3gicas e Sa\u00fade (CCBS), professor Aranildo Rodrigues. Ele, como de costume, deu as [&hellip;]<\/p>\n","protected":false},"author":44,"featured_media":0,"comment_status":"open","ping_status":"open","sticky":false,"template":"","format":"standard","meta":[],"categories":[4],"tags":[],"jetpack-related-posts":[],"_links":{"self":[{"href":"https:\/\/www1.unicap.br\/assecom1\/wp-json\/wp\/v2\/posts\/33330"}],"collection":[{"href":"https:\/\/www1.unicap.br\/assecom1\/wp-json\/wp\/v2\/posts"}],"about":[{"href":"https:\/\/www1.unicap.br\/assecom1\/wp-json\/wp\/v2\/types\/post"}],"author":[{"embeddable":true,"href":"https:\/\/www1.unicap.br\/assecom1\/wp-json\/wp\/v2\/users\/44"}],"replies":[{"embeddable":true,"href":"https:\/\/www1.unicap.br\/assecom1\/wp-json\/wp\/v2\/comments?post=33330"}],"version-history":[{"count":3,"href":"https:\/\/www1.unicap.br\/assecom1\/wp-json\/wp\/v2\/posts\/33330\/revisions"}],"predecessor-version":[{"id":33437,"href":"https:\/\/www1.unicap.br\/assecom1\/wp-json\/wp\/v2\/posts\/33330\/revisions\/33437"}],"wp:attachment":[{"href":"https:\/\/www1.unicap.br\/assecom1\/wp-json\/wp\/v2\/media?parent=33330"}],"wp:term":[{"taxonomy":"category","embeddable":true,"href":"https:\/\/www1.unicap.br\/assecom1\/wp-json\/wp\/v2\/categories?post=33330"},{"taxonomy":"post_tag","embeddable":true,"href":"https:\/\/www1.unicap.br\/assecom1\/wp-json\/wp\/v2\/tags?post=33330"}],"curies":[{"name":"wp","href":"https:\/\/api.w.org\/{rel}","templated":true}]}}