{"id":3317,"date":"2010-05-12T18:36:49","date_gmt":"2010-05-12T21:36:49","guid":{"rendered":"http:\/\/www.unicap.br\/assecom1\/?p=3317"},"modified":"2010-05-12T18:36:49","modified_gmt":"2010-05-12T21:36:49","slug":"estudantes-do-catolica-in-participam-de-oficina-de-avaliacao-respiratoria","status":"publish","type":"post","link":"https:\/\/www1.unicap.br\/assecom1\/estudantes-do-catolica-in-participam-de-oficina-de-avaliacao-respiratoria\/","title":{"rendered":"Estudantes do Cat\u00f3lica In participam de oficina de Avalia\u00e7\u00e3o Respirat\u00f3ria"},"content":{"rendered":"<p>A tarde de hoje (12) come\u00e7ou movimentada e informativa para os estudantes do ensino m\u00e9dio inscritos no Cat\u00f3lica In 2010. Eles participaram da oficina de Avalia\u00e7\u00e3o Respirat\u00f3ria, oferecida pelo curso de Fisioterapia da Universidade Cat\u00f3lica, ministrada pelo professor Fl\u00e1vio Maciel. A atividade aconteceu na Cl\u00ednica-Escola Corpore Sano.<\/p>\n<p>No primeiro momento, os estudantes assistiram ao v\u00eddeo institucional sobre os trabalhos que a cl\u00ednica desenvolve. Logo depois, eles seguiram para visitar o local, que tem 14 laborat\u00f3rios funcionando em um pr\u00e9dio de tr\u00eas pavimentos e cerca de 1.800 metros quadrados, al\u00e9m de uma piscina aquecida e adaptada para otimiza\u00e7\u00e3o na reabilita\u00e7\u00e3o dos pacientes. Os adolescentes, ainda, seguiram para a sala de atendimento respirat\u00f3rio, que faz trabalhos para curar doen\u00e7as de ordens card\u00edaca e pulmonar.<\/p>\n<p>A oficina teve o ponto alto quando o professor Fl\u00e1vio partiu para a pr\u00e1tica. Ele fez um teste de Expirometria com aux\u00edlio de um aparelho chamado expir\u00f4metro, capaz de detectar problemas de respira\u00e7\u00e3o nos pacientes. Os examinados foram dois estudantes, dentro do grupo de quatro, que mais desejam ser fisioterapeutas. \u201cNesta fase, tem-se muitas d\u00favidas, e a Cat\u00f3lica oferece oportunidade muito v\u00e1lida para que os alunos conhe\u00e7am a profiss\u00e3o\u201d, disse o professor.<\/p>\n<p>A estudante do terceiro ano do Col\u00e9gio Decis\u00e3o Mirella J\u00fanior, de 16 anos, participou, tamb\u00e9m, das oficinas da \u00faltima segunda-feira (10), que englobaram cursos da \u00e1rea de humanas. Segundo ela, j\u00e1 est\u00e1 decidido: \u201cEu quero mesmo \u00e9 Fisioterapia\u201d. A curiosidade e d\u00favida, normais nessa idade, fez com que Mirella se inscrevesse no Cat\u00f3lica In. \u201cEu queria aprofundar mais sobre as profiss\u00f5es, por isso que estou aqui\u201d, afirmou.<\/p>\n<p>Jos\u00e9 Augusto Ribeiro, de 18 anos, \u00fanico homem a participar da oficina, pensava que a \u00e1rea de fisioterapia se limitava \u00e0 ortopedia, desconhecia a parte\u00a0 respirat\u00f3ria. \u201cEu n\u00e3o sabia que era um campo t\u00e3o extenso de atua\u00e7\u00e3o. Eu quero e vou cursar aqui nesta universidade por ser uma das melhores universidades de Pernambuco. Com certeza, foi uma boa iniciativa da Unicap por ajudar centenas de pessoas que t\u00eam d\u00favida na profiss\u00e3o\u201d, afirmou o jovem que, ainda, n\u00e3o se decidiu entre Psicologia e Fisioterapia.<\/p>\n","protected":false},"excerpt":{"rendered":"<p>A tarde de hoje (12) come\u00e7ou movimentada e informativa para os estudantes do ensino m\u00e9dio inscritos no Cat\u00f3lica In 2010. Eles participaram da oficina de Avalia\u00e7\u00e3o Respirat\u00f3ria, oferecida pelo curso de Fisioterapia da Universidade Cat\u00f3lica, ministrada pelo professor Fl\u00e1vio Maciel. A atividade aconteceu na Cl\u00ednica-Escola Corpore Sano. No primeiro momento, os estudantes assistiram ao v\u00eddeo [&hellip;]<\/p>\n","protected":false},"author":14,"featured_media":0,"comment_status":"open","ping_status":"open","sticky":false,"template":"","format":"standard","meta":[],"categories":[4],"tags":[],"jetpack-related-posts":[],"_links":{"self":[{"href":"https:\/\/www1.unicap.br\/assecom1\/wp-json\/wp\/v2\/posts\/3317"}],"collection":[{"href":"https:\/\/www1.unicap.br\/assecom1\/wp-json\/wp\/v2\/posts"}],"about":[{"href":"https:\/\/www1.unicap.br\/assecom1\/wp-json\/wp\/v2\/types\/post"}],"author":[{"embeddable":true,"href":"https:\/\/www1.unicap.br\/assecom1\/wp-json\/wp\/v2\/users\/14"}],"replies":[{"embeddable":true,"href":"https:\/\/www1.unicap.br\/assecom1\/wp-json\/wp\/v2\/comments?post=3317"}],"version-history":[{"count":0,"href":"https:\/\/www1.unicap.br\/assecom1\/wp-json\/wp\/v2\/posts\/3317\/revisions"}],"wp:attachment":[{"href":"https:\/\/www1.unicap.br\/assecom1\/wp-json\/wp\/v2\/media?parent=3317"}],"wp:term":[{"taxonomy":"category","embeddable":true,"href":"https:\/\/www1.unicap.br\/assecom1\/wp-json\/wp\/v2\/categories?post=3317"},{"taxonomy":"post_tag","embeddable":true,"href":"https:\/\/www1.unicap.br\/assecom1\/wp-json\/wp\/v2\/tags?post=3317"}],"curies":[{"name":"wp","href":"https:\/\/api.w.org\/{rel}","templated":true}]}}