{"id":33154,"date":"2012-09-04T23:53:38","date_gmt":"2012-09-04T23:53:38","guid":{"rendered":"http:\/\/www.unicap.br\/assecom1\/?p=33154"},"modified":"2012-09-10T13:57:58","modified_gmt":"2012-09-10T13:57:58","slug":"forum-sobre-envelhecimento-vai-discutir-a-saude-dos-olhos-no-dia-11-de-setembro","status":"publish","type":"post","link":"https:\/\/www1.unicap.br\/assecom1\/forum-sobre-envelhecimento-vai-discutir-a-saude-dos-olhos-no-dia-11-de-setembro\/","title":{"rendered":"F\u00f3rum sobre envelhecimento vai discutir a sa\u00fade dos olhos no dia 11 de setembro"},"content":{"rendered":"<p><strong><\/strong><img loading=\"lazy\" class=\"alignnone\" src=\"https:\/\/i0.wp.com\/www1.unicap.br\/assecom1\/wp-content\/uploads\/2012\/08\/F\u00f3rum.jpg?resize=288%2C300&#038;ssl=1\" alt=\"\" data-recalc-dims=\"1\" \/><\/p>\n<p>\u201cSa\u00fade Ocular: catarata e glaucoma\u201d \u00e9 o tema de mais uma edi\u00e7\u00e3o do F\u00f3rum Sobre Quest\u00f5es do Envelhecimento, que acontecer\u00e1 no pr\u00f3ximo dia 11 de setembro, \u00e0s 14h30, no audit\u00f3rio G1. Mais informa\u00e7\u00f5es pelo fone 2119.4140.<\/p>\n","protected":false},"excerpt":{"rendered":"<p>\u201cSa\u00fade Ocular: catarata e glaucoma\u201d \u00e9 o tema de mais uma edi\u00e7\u00e3o do F\u00f3rum Sobre Quest\u00f5es do Envelhecimento, que acontecer\u00e1 no pr\u00f3ximo dia 11 de setembro, \u00e0s 14h30, no audit\u00f3rio G1. Mais informa\u00e7\u00f5es pelo fone 2119.4140.<\/p>\n","protected":false},"author":2,"featured_media":0,"comment_status":"open","ping_status":"open","sticky":false,"template":"","format":"standard","meta":[],"categories":[4],"tags":[],"jetpack-related-posts":[],"_links":{"self":[{"href":"https:\/\/www1.unicap.br\/assecom1\/wp-json\/wp\/v2\/posts\/33154"}],"collection":[{"href":"https:\/\/www1.unicap.br\/assecom1\/wp-json\/wp\/v2\/posts"}],"about":[{"href":"https:\/\/www1.unicap.br\/assecom1\/wp-json\/wp\/v2\/types\/post"}],"author":[{"embeddable":true,"href":"https:\/\/www1.unicap.br\/assecom1\/wp-json\/wp\/v2\/users\/2"}],"replies":[{"embeddable":true,"href":"https:\/\/www1.unicap.br\/assecom1\/wp-json\/wp\/v2\/comments?post=33154"}],"version-history":[{"count":3,"href":"https:\/\/www1.unicap.br\/assecom1\/wp-json\/wp\/v2\/posts\/33154\/revisions"}],"predecessor-version":[{"id":33252,"href":"https:\/\/www1.unicap.br\/assecom1\/wp-json\/wp\/v2\/posts\/33154\/revisions\/33252"}],"wp:attachment":[{"href":"https:\/\/www1.unicap.br\/assecom1\/wp-json\/wp\/v2\/media?parent=33154"}],"wp:term":[{"taxonomy":"category","embeddable":true,"href":"https:\/\/www1.unicap.br\/assecom1\/wp-json\/wp\/v2\/categories?post=33154"},{"taxonomy":"post_tag","embeddable":true,"href":"https:\/\/www1.unicap.br\/assecom1\/wp-json\/wp\/v2\/tags?post=33154"}],"curies":[{"name":"wp","href":"https:\/\/api.w.org\/{rel}","templated":true}]}}