{"id":33150,"date":"2012-09-04T23:35:09","date_gmt":"2012-09-04T23:35:09","guid":{"rendered":"http:\/\/www.unicap.br\/assecom1\/?p=33150"},"modified":"2012-09-04T23:35:09","modified_gmt":"2012-09-04T23:35:09","slug":"arcebispo-de-natal-vai-defender-sua-dissertacao-no-mestrado-em-ciencias-da-religiao-da-unicap-nesta-quinta-feira","status":"publish","type":"post","link":"https:\/\/www1.unicap.br\/assecom1\/arcebispo-de-natal-vai-defender-sua-dissertacao-no-mestrado-em-ciencias-da-religiao-da-unicap-nesta-quinta-feira\/","title":{"rendered":"Arcebispo de Natal vai defender sua disserta\u00e7\u00e3o no Mestrado em Ci\u00eancias da Religi\u00e3o da Unicap nesta quinta-feira"},"content":{"rendered":"<p>O Arcebispo de Natal, Dom Jaime Vieira Rocha, vai defender nesta quinta-feira (6), \u00e0s 9h, no anfiteatro do bloco G4, sua disserta\u00e7\u00e3o no Mestrado em Ci\u00eancias da Religi\u00e3o da Universidade Cat\u00f3lica de Pernambuco. A pesquisa aborda a a\u00e7\u00e3o social da Igreja no Nordeste e tem como t\u00edtulo \u201cMonsenhor Expedito Sobral de Medeiros: o ap\u00f3stolo das \u00e1guas nas terras potiguares\u201d. Dom Jaime foi orientado pelo Prof. Dr. Newton Cabral.<\/p>\n<p>Formado em Ci\u00eancias Sociais pela Universidade Federal do Rio Grande do Norte, Dom Jaime Vieira Rocha foi nomeado Arcebispo de Natal no final de 2011. No dia 29 de junho de 2012, o Reitor da Unicap, Padre Pedro Rubens, e o Arcebispo de Olinda e Recife, Dom Fernando Saburido, prestigiaram, na Bas\u00edlica de S\u00e3o Pedro, no Vaticano, a cerim\u00f4nia na qual o Papa Bento XVI entregou o p\u00e1lio a Dom Jaime e a mais seis arcebispos brasileiros, al\u00e9m de todos os outros arcebispos nomeados pelo pont\u00edfice desde julho do ano passado.<\/p>\n<p>O p\u00e1lio \u00e9 uma esp\u00e9cie de colarinho de l\u00e3 branca, com cerca de cinco cent\u00edmetros de largura e dois ap\u00eandices, sendo um na frente e outro nas costas com \u00a0seis cruzes bordadas. \u00c9 confeccionado com a l\u00e3 de ovelhas, no dia 21 de janeiro de cada ano, data da festa de Santa In\u00eas. A l\u00e3 \u00e9, posteriormente, tecida pelas monjas beneditinas e ofertada ao Papa por jovens do Mosteiro de Santa Cec\u00edlia, em Roma.<\/p>\n<p>Depois, os p\u00e1lios s\u00e3o aben\u00e7oados pelo Papa e colocados sobre o t\u00famulo do Ap\u00f3stolo S\u00e3o Pedro, na Bas\u00edlica Vaticana. Anualmente, no dia 29 de junho, os p\u00e1lios s\u00e3o levados do t\u00famulo de S\u00e3o Pedro para a celebra\u00e7\u00e3o eucar\u00edstica e colocados sobre o colarinho dos novos arcebispos. Nos primeiros s\u00e9culos da era crist\u00e3, o p\u00e1lio era usado somente pelos papas. A partir do s\u00e9culo sexto, a insignia passou a ser usada tamb\u00e9m pelos arcebispos.\u00a0Desde o pontificado de Jo\u00e3o Paulo II, e agora no de Bento XVI, todos os novos arcebispos recebem pessoalmente em Roma o p\u00e1lio das m\u00e3os do pont\u00edfice e prestam o juramento a seus p\u00e9s, na solenidade de S\u00e3o Pedro e S\u00e3o Paulo.<\/p>\n<p>&nbsp;<\/p>\n","protected":false},"excerpt":{"rendered":"<p>O Arcebispo de Natal, Dom Jaime Vieira Rocha, vai defender nesta quinta-feira (6), \u00e0s 9h, no anfiteatro do bloco G4, sua disserta\u00e7\u00e3o no Mestrado em Ci\u00eancias da Religi\u00e3o da Universidade Cat\u00f3lica de Pernambuco. A pesquisa aborda a a\u00e7\u00e3o social da Igreja no Nordeste e tem como t\u00edtulo \u201cMonsenhor Expedito Sobral de Medeiros: o ap\u00f3stolo das [&hellip;]<\/p>\n","protected":false},"author":2,"featured_media":0,"comment_status":"open","ping_status":"open","sticky":false,"template":"","format":"standard","meta":[],"categories":[4],"tags":[],"jetpack-related-posts":[],"_links":{"self":[{"href":"https:\/\/www1.unicap.br\/assecom1\/wp-json\/wp\/v2\/posts\/33150"}],"collection":[{"href":"https:\/\/www1.unicap.br\/assecom1\/wp-json\/wp\/v2\/posts"}],"about":[{"href":"https:\/\/www1.unicap.br\/assecom1\/wp-json\/wp\/v2\/types\/post"}],"author":[{"embeddable":true,"href":"https:\/\/www1.unicap.br\/assecom1\/wp-json\/wp\/v2\/users\/2"}],"replies":[{"embeddable":true,"href":"https:\/\/www1.unicap.br\/assecom1\/wp-json\/wp\/v2\/comments?post=33150"}],"version-history":[{"count":1,"href":"https:\/\/www1.unicap.br\/assecom1\/wp-json\/wp\/v2\/posts\/33150\/revisions"}],"predecessor-version":[{"id":33151,"href":"https:\/\/www1.unicap.br\/assecom1\/wp-json\/wp\/v2\/posts\/33150\/revisions\/33151"}],"wp:attachment":[{"href":"https:\/\/www1.unicap.br\/assecom1\/wp-json\/wp\/v2\/media?parent=33150"}],"wp:term":[{"taxonomy":"category","embeddable":true,"href":"https:\/\/www1.unicap.br\/assecom1\/wp-json\/wp\/v2\/categories?post=33150"},{"taxonomy":"post_tag","embeddable":true,"href":"https:\/\/www1.unicap.br\/assecom1\/wp-json\/wp\/v2\/tags?post=33150"}],"curies":[{"name":"wp","href":"https:\/\/api.w.org\/{rel}","templated":true}]}}