{"id":33015,"date":"2012-08-28T23:42:32","date_gmt":"2012-08-28T23:42:32","guid":{"rendered":"http:\/\/www.unicap.br\/assecom1\/?p=33015"},"modified":"2012-08-28T23:42:32","modified_gmt":"2012-08-28T23:42:32","slug":"bolsistas-do-pibic-apresentam-suas-pesquisas-na-14%c2%b0-jornada-de-iniciacao-cientifica","status":"publish","type":"post","link":"https:\/\/www1.unicap.br\/assecom1\/bolsistas-do-pibic-apresentam-suas-pesquisas-na-14%c2%b0-jornada-de-iniciacao-cientifica\/","title":{"rendered":"Bolsistas do Pibic apresentam suas pesquisas na 14\u00b0 Jornada de Inicia\u00e7\u00e3o Cient\u00edfica"},"content":{"rendered":"<p>O primeiro dia da 14\u00b0 Jornada de Inicia\u00e7\u00e3o Cient\u00edfica prosseguiu \u00e0 tarde com a apresenta\u00e7\u00e3o de trabalhos cient\u00edficos na sala de teleconfer\u00eancia (t\u00e9rreo bloco G4) e no anfiteatro (3\u00b0 andar bloco G4) da Universidade Cat\u00f3lica de Pernambuco. Os bolsistas do Programa Institucional de Bolsas de Inicia\u00e7\u00e3o Cient\u00edfica explicaram os projetos para os presentes, incluindo os professores da banca, que, em seguida, fizeram observa\u00e7\u00f5es e sugest\u00f5es sobre os trabalhos apresentados.<\/p>\n<p>Cerca de 15 trabalhos foram apresentados na tarde desta ter\u00e7a-feira (28) por alunos de cursos como Arquitetura e Urbanismo, Direito e Administra\u00e7\u00e3o. Cada aluno tinha 20 minutos para mostrar a escolha e import\u00e2ncia do tema.\u00a0 Entre as pesquisas apresentadas estavam: \u201cDiferentes taxas de desenvolvimento econ\u00f4mico na Am\u00e9rica Latina\u201d e \u201cConceitos jur\u00eddicos indeterminantes na litig\u00e2ncia de m\u00e1-f\u00e9\u201d.<\/p>\n<p>De acordo com a Coordenadora Geral de Pesquisa, professora Edilene Queiroz, essa atividade cient\u00edfica \u00e9 muito importante. &#8220;Para estimular cada vez mais os estudantes, iremos premiar os melhores colocados no Pibic com a ajuda de organiza\u00e7\u00f5es p\u00fablicas e privadas&#8221;, frisou.<\/p>\n<p>&nbsp;<\/p>\n","protected":false},"excerpt":{"rendered":"<p>O primeiro dia da 14\u00b0 Jornada de Inicia\u00e7\u00e3o Cient\u00edfica prosseguiu \u00e0 tarde com a apresenta\u00e7\u00e3o de trabalhos cient\u00edficos na sala de teleconfer\u00eancia (t\u00e9rreo bloco G4) e no anfiteatro (3\u00b0 andar bloco G4) da Universidade Cat\u00f3lica de Pernambuco. Os bolsistas do Programa Institucional de Bolsas de Inicia\u00e7\u00e3o Cient\u00edfica explicaram os projetos para os presentes, incluindo os [&hellip;]<\/p>\n","protected":false},"author":44,"featured_media":0,"comment_status":"open","ping_status":"open","sticky":false,"template":"","format":"standard","meta":[],"categories":[4],"tags":[],"jetpack-related-posts":[],"_links":{"self":[{"href":"https:\/\/www1.unicap.br\/assecom1\/wp-json\/wp\/v2\/posts\/33015"}],"collection":[{"href":"https:\/\/www1.unicap.br\/assecom1\/wp-json\/wp\/v2\/posts"}],"about":[{"href":"https:\/\/www1.unicap.br\/assecom1\/wp-json\/wp\/v2\/types\/post"}],"author":[{"embeddable":true,"href":"https:\/\/www1.unicap.br\/assecom1\/wp-json\/wp\/v2\/users\/44"}],"replies":[{"embeddable":true,"href":"https:\/\/www1.unicap.br\/assecom1\/wp-json\/wp\/v2\/comments?post=33015"}],"version-history":[{"count":2,"href":"https:\/\/www1.unicap.br\/assecom1\/wp-json\/wp\/v2\/posts\/33015\/revisions"}],"predecessor-version":[{"id":33024,"href":"https:\/\/www1.unicap.br\/assecom1\/wp-json\/wp\/v2\/posts\/33015\/revisions\/33024"}],"wp:attachment":[{"href":"https:\/\/www1.unicap.br\/assecom1\/wp-json\/wp\/v2\/media?parent=33015"}],"wp:term":[{"taxonomy":"category","embeddable":true,"href":"https:\/\/www1.unicap.br\/assecom1\/wp-json\/wp\/v2\/categories?post=33015"},{"taxonomy":"post_tag","embeddable":true,"href":"https:\/\/www1.unicap.br\/assecom1\/wp-json\/wp\/v2\/tags?post=33015"}],"curies":[{"name":"wp","href":"https:\/\/api.w.org\/{rel}","templated":true}]}}