{"id":32792,"date":"2012-08-21T00:17:11","date_gmt":"2012-08-21T00:17:11","guid":{"rendered":"http:\/\/www.unicap.br\/assecom1\/?p=32792"},"modified":"2012-08-21T18:13:43","modified_gmt":"2012-08-21T18:13:43","slug":"fe-e-alegria-realizara-aulao-de-humanas-2","status":"publish","type":"post","link":"https:\/\/www1.unicap.br\/assecom1\/fe-e-alegria-realizara-aulao-de-humanas-2\/","title":{"rendered":"F\u00e9 e Alegria realizar\u00e1 aul\u00e3o de Humanas"},"content":{"rendered":"<p><a href=\"https:\/\/i0.wp.com\/www1.unicap.br\/assecom1\/wp-content\/uploads\/2012\/08\/fya-aulao.jpg?ssl=1\"><img data-attachment-id=\"32793\" data-permalink=\"https:\/\/www1.unicap.br\/assecom1\/fe-e-alegria-realizara-aulao-de-humanas-2\/fya-aulao\/\" data-orig-file=\"https:\/\/i0.wp.com\/www1.unicap.br\/assecom1\/wp-content\/uploads\/2012\/08\/fya-aulao.jpg?fit=575%2C252&amp;ssl=1\" data-orig-size=\"575,252\" data-comments-opened=\"1\" data-image-meta=\"{&quot;aperture&quot;:&quot;0&quot;,&quot;credit&quot;:&quot;&quot;,&quot;camera&quot;:&quot;&quot;,&quot;caption&quot;:&quot;&quot;,&quot;created_timestamp&quot;:&quot;0&quot;,&quot;copyright&quot;:&quot;&quot;,&quot;focal_length&quot;:&quot;0&quot;,&quot;iso&quot;:&quot;0&quot;,&quot;shutter_speed&quot;:&quot;0&quot;,&quot;title&quot;:&quot;&quot;}\" data-image-title=\"fya aulao\" data-image-description=\"\" data-medium-file=\"https:\/\/i0.wp.com\/www1.unicap.br\/assecom1\/wp-content\/uploads\/2012\/08\/fya-aulao.jpg?fit=300%2C131&amp;ssl=1\" data-large-file=\"https:\/\/i0.wp.com\/www1.unicap.br\/assecom1\/wp-content\/uploads\/2012\/08\/fya-aulao.jpg?fit=575%2C252&amp;ssl=1\" loading=\"lazy\" class=\"alignleft size-medium wp-image-32793\" src=\"https:\/\/i0.wp.com\/www1.unicap.br\/assecom1\/wp-content\/uploads\/2012\/08\/fya-aulao.jpg?resize=300%2C131&#038;ssl=1\" alt=\"\" srcset=\"https:\/\/i0.wp.com\/www1.unicap.br\/assecom1\/wp-content\/uploads\/2012\/08\/fya-aulao.jpg?resize=300%2C131&amp;ssl=1 300w, https:\/\/i0.wp.com\/www1.unicap.br\/assecom1\/wp-content\/uploads\/2012\/08\/fya-aulao.jpg?resize=250%2C109&amp;ssl=1 250w, https:\/\/i0.wp.com\/www1.unicap.br\/assecom1\/wp-content\/uploads\/2012\/08\/fya-aulao.jpg?w=575&amp;ssl=1 575w\" sizes=\"(max-width: 300px) 100vw, 300px\" data-recalc-dims=\"1\" \/><\/a>A\u00a0Funda\u00e7\u00e3o F\u00e9 e Alegria em Pernambuco (Fya), juntamente com a Associa\u00e7\u00e3o N\u00f3brega de Educa\u00e7\u00e3o e Assist\u00eancia Social e a Universidade Cat\u00f3lica de Pernambuco (Unicap), realizar\u00e1 o aul\u00e3o de Ci\u00eancias da Linguagem e suas Tecnologias para os alunos do Gapa (Grupo de Apoio Pr\u00e9-Acad\u00eamico tradicional), no dia 25 de agosto, no audit\u00f3rio G2 da Cat\u00f3lica, das 8h \u00e0s 12h.<\/p>\n<p>Com o tema \u201cGabriela vestida de noiva\u201d, em homenagem aos centen\u00e1rios dos escritores Jorge Amado e Nelson Rodrigues, o evento ter\u00e1 a participa\u00e7\u00e3o dos professores do Fya, Crislayne Moura, \u00a0Denilson Silva, Maria de Lourdes, Yasmim Bonifacio, Paulo Cardoso e Suellen Rafaella.<\/p>\n","protected":false},"excerpt":{"rendered":"<p>A\u00a0Funda\u00e7\u00e3o F\u00e9 e Alegria em Pernambuco (Fya), juntamente com a Associa\u00e7\u00e3o N\u00f3brega de Educa\u00e7\u00e3o e Assist\u00eancia Social e a Universidade Cat\u00f3lica de Pernambuco (Unicap), realizar\u00e1 o aul\u00e3o de Ci\u00eancias da Linguagem e suas Tecnologias para os alunos do Gapa (Grupo de Apoio Pr\u00e9-Acad\u00eamico tradicional), no dia 25 de agosto, no audit\u00f3rio G2 da Cat\u00f3lica, das [&hellip;]<\/p>\n","protected":false},"author":11,"featured_media":0,"comment_status":"open","ping_status":"open","sticky":false,"template":"","format":"standard","meta":[],"categories":[4],"tags":[],"jetpack-related-posts":[],"_links":{"self":[{"href":"https:\/\/www1.unicap.br\/assecom1\/wp-json\/wp\/v2\/posts\/32792"}],"collection":[{"href":"https:\/\/www1.unicap.br\/assecom1\/wp-json\/wp\/v2\/posts"}],"about":[{"href":"https:\/\/www1.unicap.br\/assecom1\/wp-json\/wp\/v2\/types\/post"}],"author":[{"embeddable":true,"href":"https:\/\/www1.unicap.br\/assecom1\/wp-json\/wp\/v2\/users\/11"}],"replies":[{"embeddable":true,"href":"https:\/\/www1.unicap.br\/assecom1\/wp-json\/wp\/v2\/comments?post=32792"}],"version-history":[{"count":3,"href":"https:\/\/www1.unicap.br\/assecom1\/wp-json\/wp\/v2\/posts\/32792\/revisions"}],"predecessor-version":[{"id":32832,"href":"https:\/\/www1.unicap.br\/assecom1\/wp-json\/wp\/v2\/posts\/32792\/revisions\/32832"}],"wp:attachment":[{"href":"https:\/\/www1.unicap.br\/assecom1\/wp-json\/wp\/v2\/media?parent=32792"}],"wp:term":[{"taxonomy":"category","embeddable":true,"href":"https:\/\/www1.unicap.br\/assecom1\/wp-json\/wp\/v2\/categories?post=32792"},{"taxonomy":"post_tag","embeddable":true,"href":"https:\/\/www1.unicap.br\/assecom1\/wp-json\/wp\/v2\/tags?post=32792"}],"curies":[{"name":"wp","href":"https:\/\/api.w.org\/{rel}","templated":true}]}}