{"id":32736,"date":"2012-08-16T22:59:04","date_gmt":"2012-08-16T22:59:04","guid":{"rendered":"http:\/\/www.unicap.br\/assecom1\/?p=32736"},"modified":"2012-08-16T22:59:04","modified_gmt":"2012-08-16T22:59:04","slug":"politicas-publicas-de-saude-e-tema-do-forum-sobre-questoes-do-envelhecimento","status":"publish","type":"post","link":"https:\/\/www1.unicap.br\/assecom1\/politicas-publicas-de-saude-e-tema-do-forum-sobre-questoes-do-envelhecimento\/","title":{"rendered":"Pol\u00edticas p\u00fablicas de sa\u00fade \u00e9 tema do F\u00f3rum sobre Quest\u00f5es do Envelhecimento"},"content":{"rendered":"<p>A Universidade Cat\u00f3lica de Pernambuco promoveu na tarde de ter\u00e7a-feira (14), no audit\u00f3rio G1, mais uma edi\u00e7\u00e3o do F\u00f3rum sobre Quest\u00f5es do Envelhecimento. Desta vez, o tema abordado foi \u201cPol\u00edticas p\u00fablicas de sa\u00fade para a pessoa idosa\u201d.<\/p>\n<p>A abertura do evento foi feita pelo Pr\u00f3-reitor Comunit\u00e1rio, Padre L\u00facio Fl\u00e1vio Cirne. Ele agradeceu a presen\u00e7a de todos e tamb\u00e9m deu as boas-vindas. Em seguida, os respons\u00e1veis pela palestra o professor do Centro de Ci\u00eancias Biol\u00f3gicas e Sa\u00fade (CCBS) da Unicap Paulo Freitas e a assistente social doMinist\u00e9rio da Sa\u00fade Karla Bandeira explicaram sobre as pol\u00edticas p\u00fablicas no Brasil em rela\u00e7\u00e3o \u00e0s pessoas da terceira idade.<\/p>\n<p>De acordo com Karla Bandeira, falar de pol\u00edticas p\u00fablicas de sa\u00fade \u00e9 falar do Sistema \u00danico de Sa\u00fade (SUS), que atende principalmente os idosos. O SUS deveria ser um sistema perfeito, mas ainda tem muitas defici\u00eancias, incluindo a falta de m\u00e9dicos e de rem\u00e9dios.<\/p>\n<p>A assistente social tamb\u00e9m abordou a Pol\u00edtica Nacional do Idoso, artigos da Constitui\u00e7\u00e3o de 1988 que tratam do idoso e como o envelhecimento no Brasil \u00e9 desigual, devido ao poder aquisitivo da popula\u00e7\u00e3o.<\/p>\n<p>Al\u00e9m de mostrar como funcionam as pol\u00edticas de sa\u00fade, o professor Paulo Freitas explicou alguns fatores para um envelhecimento saud\u00e1vel e tamb\u00e9m as conquistas que os idosos adquiriram com o passar do tempo. \u201cProjetos, Estatutos e Leis foram bastante importantes para melhorar a vida saud\u00e1vel da popula\u00e7\u00e3o que faz parte da terceira idade\u201d, afirmou o professor. Ao final das apresenta\u00e7\u00f5es, os participantes fizeram perguntas aos palestrantes.<\/p>\n","protected":false},"excerpt":{"rendered":"<p>A Universidade Cat\u00f3lica de Pernambuco promoveu na tarde de ter\u00e7a-feira (14), no audit\u00f3rio G1, mais uma edi\u00e7\u00e3o do F\u00f3rum sobre Quest\u00f5es do Envelhecimento. Desta vez, o tema abordado foi \u201cPol\u00edticas p\u00fablicas de sa\u00fade para a pessoa idosa\u201d. A abertura do evento foi feita pelo Pr\u00f3-reitor Comunit\u00e1rio, Padre L\u00facio Fl\u00e1vio Cirne. Ele agradeceu a presen\u00e7a de [&hellip;]<\/p>\n","protected":false},"author":44,"featured_media":0,"comment_status":"open","ping_status":"open","sticky":false,"template":"","format":"standard","meta":[],"categories":[4],"tags":[],"jetpack-related-posts":[],"_links":{"self":[{"href":"https:\/\/www1.unicap.br\/assecom1\/wp-json\/wp\/v2\/posts\/32736"}],"collection":[{"href":"https:\/\/www1.unicap.br\/assecom1\/wp-json\/wp\/v2\/posts"}],"about":[{"href":"https:\/\/www1.unicap.br\/assecom1\/wp-json\/wp\/v2\/types\/post"}],"author":[{"embeddable":true,"href":"https:\/\/www1.unicap.br\/assecom1\/wp-json\/wp\/v2\/users\/44"}],"replies":[{"embeddable":true,"href":"https:\/\/www1.unicap.br\/assecom1\/wp-json\/wp\/v2\/comments?post=32736"}],"version-history":[{"count":2,"href":"https:\/\/www1.unicap.br\/assecom1\/wp-json\/wp\/v2\/posts\/32736\/revisions"}],"predecessor-version":[{"id":32757,"href":"https:\/\/www1.unicap.br\/assecom1\/wp-json\/wp\/v2\/posts\/32736\/revisions\/32757"}],"wp:attachment":[{"href":"https:\/\/www1.unicap.br\/assecom1\/wp-json\/wp\/v2\/media?parent=32736"}],"wp:term":[{"taxonomy":"category","embeddable":true,"href":"https:\/\/www1.unicap.br\/assecom1\/wp-json\/wp\/v2\/categories?post=32736"},{"taxonomy":"post_tag","embeddable":true,"href":"https:\/\/www1.unicap.br\/assecom1\/wp-json\/wp\/v2\/tags?post=32736"}],"curies":[{"name":"wp","href":"https:\/\/api.w.org\/{rel}","templated":true}]}}