{"id":32497,"date":"2012-08-03T13:50:14","date_gmt":"2012-08-03T13:50:14","guid":{"rendered":"http:\/\/www.unicap.br\/assecom1\/?p=32497"},"modified":"2012-08-03T13:50:14","modified_gmt":"2012-08-03T13:50:14","slug":"simposio-de-midias-sociais-sera-realizado-nos-dias-29-e-30-de-agosto","status":"publish","type":"post","link":"https:\/\/www1.unicap.br\/assecom1\/simposio-de-midias-sociais-sera-realizado-nos-dias-29-e-30-de-agosto\/","title":{"rendered":"Simp\u00f3sio de M\u00eddias Sociais ser\u00e1 realizado nos dias 29 e 30 de agosto"},"content":{"rendered":"<p>Nos dias 29 e 30 de agosto, das 19h \u00e0s 22h, o Centro de Conven\u00e7\u00f5es de Pernambuco ser\u00e1 ponto de parada obrigat\u00f3rio para quem quer ficar por dentro das novas pr\u00e1ticas e ferramentas das m\u00eddias sociais. O segundo Simp\u00f3sio de M\u00eddias Sociais, realizado pelo Instituto Empreender-PE, trar\u00e1 nomes conhecidos da \u00e1rea para debater com os visitantes temas como: Copa no Brasil e os Neg\u00f3cios via Internet, O Perfil de Consumo da Classe C na Era Digital, Gera\u00e7\u00e3o Y e os Novos Desafios Digitais e Desconstruindo a TV: o duelo audi\u00eancia x aten\u00e7\u00e3o. A expectativa \u00e9 de um p\u00fablico de 1.800 pessoas nos dois dias.<\/p>\n<p>O evento consiste em discutir as melhores pr\u00e1ticas nas redes sociais, atrav\u00e9s de cases e palestrantes renomados. \u00c9 meta organizacional do Simp\u00f3sio, promover o empreendedorismo digital e ajudar Pernambuco e o Brasil a se tornarem \u00a0refer\u00eancias globais em neg\u00f3cios digitais.<\/p>\n<p>F\u00e1bio Mariano, Ian Black, Ulysses Paiva, Bob Wollheim e Bia Granja trar\u00e3o todo o seu conhecimento para esse debate, com a responsabilidade de superar a primeira edi\u00e7\u00e3o do simp\u00f3sio, no ano passado, que contou com mais de 900 participantes, sendo um dos assuntos mais comentados no Twitter. O evento contou com as presen\u00e7as de importantes nomes, como: Gustavo Belarmino, editor do NE 10, Cec\u00edlia Lima, Bruno Encarna\u00e7\u00e3o e Camila Coutinho.<\/p>\n<p>Intera\u00e7\u00e3o, surpresas, inova\u00e7\u00e3o e tecnologia ser\u00e3o os aperitivos para este ano! Programa\u00e7\u00e3o e inscri\u00e7\u00e3o no site do evento : <a href=\"http:\/\/www.simpmidias.com.br\" target=\"_blank\">http:\/\/www.simpmidias.com.br<\/a><\/p>\n","protected":false},"excerpt":{"rendered":"<p>Nos dias 29 e 30 de agosto, das 19h \u00e0s 22h, o Centro de Conven\u00e7\u00f5es de Pernambuco ser\u00e1 ponto de parada obrigat\u00f3rio para quem quer ficar por dentro das novas pr\u00e1ticas e ferramentas das m\u00eddias sociais. O segundo Simp\u00f3sio de M\u00eddias Sociais, realizado pelo Instituto Empreender-PE, trar\u00e1 nomes conhecidos da \u00e1rea para debater com os [&hellip;]<\/p>\n","protected":false},"author":2,"featured_media":0,"comment_status":"open","ping_status":"open","sticky":false,"template":"","format":"standard","meta":[],"categories":[4],"tags":[],"jetpack-related-posts":[],"_links":{"self":[{"href":"https:\/\/www1.unicap.br\/assecom1\/wp-json\/wp\/v2\/posts\/32497"}],"collection":[{"href":"https:\/\/www1.unicap.br\/assecom1\/wp-json\/wp\/v2\/posts"}],"about":[{"href":"https:\/\/www1.unicap.br\/assecom1\/wp-json\/wp\/v2\/types\/post"}],"author":[{"embeddable":true,"href":"https:\/\/www1.unicap.br\/assecom1\/wp-json\/wp\/v2\/users\/2"}],"replies":[{"embeddable":true,"href":"https:\/\/www1.unicap.br\/assecom1\/wp-json\/wp\/v2\/comments?post=32497"}],"version-history":[{"count":2,"href":"https:\/\/www1.unicap.br\/assecom1\/wp-json\/wp\/v2\/posts\/32497\/revisions"}],"predecessor-version":[{"id":32581,"href":"https:\/\/www1.unicap.br\/assecom1\/wp-json\/wp\/v2\/posts\/32497\/revisions\/32581"}],"wp:attachment":[{"href":"https:\/\/www1.unicap.br\/assecom1\/wp-json\/wp\/v2\/media?parent=32497"}],"wp:term":[{"taxonomy":"category","embeddable":true,"href":"https:\/\/www1.unicap.br\/assecom1\/wp-json\/wp\/v2\/categories?post=32497"},{"taxonomy":"post_tag","embeddable":true,"href":"https:\/\/www1.unicap.br\/assecom1\/wp-json\/wp\/v2\/tags?post=32497"}],"curies":[{"name":"wp","href":"https:\/\/api.w.org\/{rel}","templated":true}]}}