{"id":32174,"date":"2012-07-19T18:00:59","date_gmt":"2012-07-19T18:00:59","guid":{"rendered":"http:\/\/www.unicap.br\/assecom1\/?p=32174"},"modified":"2012-07-19T18:00:59","modified_gmt":"2012-07-19T18:00:59","slug":"vazantes-ganha-mostra-de-cinema","status":"publish","type":"post","link":"https:\/\/www1.unicap.br\/assecom1\/vazantes-ganha-mostra-de-cinema\/","title":{"rendered":"Vazantes ganha Mostra de Cinema"},"content":{"rendered":"<address><em>com informa\u00e7\u00f5es da Assessoria de Cultura<\/em><\/address>\n<p>O projeto \u201c1\u00aa Mostra Curta Vazantes \u2013 Cinema em Comunidade\u201d, do\u00a0 jornalista e gestor cultural da Unicap, Leo Tabosa, e da jornalista e\u00a0 cineasta, Aurora Miranda Le\u00e3o, foi contemplado pelo Programa de Cultura\u00a0 Banco do Nordeste \/ BNDES \u2013 Edi\u00e7\u00e3o de 2012.<\/p>\n<p>O projeto tem como objetivo promover uma Mostra de Cinema na comunidade\u00a0 de Vazantes, distrito de Aracoiaba, no Cear\u00e1, estimulando os moradores\u00a0 o gosto pelo audiovisual. As sess\u00f5es ser\u00e3o realizadas gratuitamente na\u00a0 pra\u00e7a principal de Vazantes e ser\u00e1 realizado em parceria com a Funda\u00e7\u00e3o F\u00e9 e\u00a0 Alegria do Brasil \u2013 CE.<\/p>\n<p>A Mostra pretende contribuir para a\u00a0 inclus\u00e3o e a promo\u00e7\u00e3o social e cultural dos moradores de baixa renda do\u00a0 Distrito de Vazantes e localidades vizinhas a partir da exibi\u00e7\u00e3o de\u00a0 v\u00eddeos e realiza\u00e7\u00e3o de oficinas que discutam, reflitam e divulguem a\u00a0 cultural local presente na regi\u00e3o.<\/p>\n<p><a href=\"https:\/\/i1.wp.com\/www1.unicap.br\/assecom1\/wp-content\/uploads\/2012\/07\/I-Mostra-Curta-Vazantes-Cinema-em-Comunidade.png?ssl=1\"><img data-attachment-id=\"32175\" data-permalink=\"https:\/\/www1.unicap.br\/assecom1\/vazantes-ganha-mostra-de-cinema\/i-mostra-curta-vazantes-cinema-em-comunidade\/\" data-orig-file=\"https:\/\/i1.wp.com\/www1.unicap.br\/assecom1\/wp-content\/uploads\/2012\/07\/I-Mostra-Curta-Vazantes-Cinema-em-Comunidade.png?fit=538%2C693&amp;ssl=1\" data-orig-size=\"538,693\" data-comments-opened=\"1\" data-image-meta=\"{&quot;aperture&quot;:&quot;0&quot;,&quot;credit&quot;:&quot;&quot;,&quot;camera&quot;:&quot;&quot;,&quot;caption&quot;:&quot;&quot;,&quot;created_timestamp&quot;:&quot;0&quot;,&quot;copyright&quot;:&quot;&quot;,&quot;focal_length&quot;:&quot;0&quot;,&quot;iso&quot;:&quot;0&quot;,&quot;shutter_speed&quot;:&quot;0&quot;,&quot;title&quot;:&quot;&quot;}\" data-image-title=\"I-Mostra-Curta-Vazantes-Cinema-em-Comunidade\" data-image-description=\"\" data-medium-file=\"https:\/\/i1.wp.com\/www1.unicap.br\/assecom1\/wp-content\/uploads\/2012\/07\/I-Mostra-Curta-Vazantes-Cinema-em-Comunidade.png?fit=232%2C300&amp;ssl=1\" data-large-file=\"https:\/\/i1.wp.com\/www1.unicap.br\/assecom1\/wp-content\/uploads\/2012\/07\/I-Mostra-Curta-Vazantes-Cinema-em-Comunidade.png?fit=538%2C693&amp;ssl=1\" loading=\"lazy\" class=\"aligncenter size-full wp-image-32175\" src=\"https:\/\/i1.wp.com\/www1.unicap.br\/assecom1\/wp-content\/uploads\/2012\/07\/I-Mostra-Curta-Vazantes-Cinema-em-Comunidade.png?resize=538%2C693&#038;ssl=1\" alt=\"\" srcset=\"https:\/\/i1.wp.com\/www1.unicap.br\/assecom1\/wp-content\/uploads\/2012\/07\/I-Mostra-Curta-Vazantes-Cinema-em-Comunidade.png?w=538&amp;ssl=1 538w, https:\/\/i1.wp.com\/www1.unicap.br\/assecom1\/wp-content\/uploads\/2012\/07\/I-Mostra-Curta-Vazantes-Cinema-em-Comunidade.png?resize=232%2C300&amp;ssl=1 232w, https:\/\/i1.wp.com\/www1.unicap.br\/assecom1\/wp-content\/uploads\/2012\/07\/I-Mostra-Curta-Vazantes-Cinema-em-Comunidade.png?resize=250%2C322&amp;ssl=1 250w\" sizes=\"(max-width: 538px) 100vw, 538px\" data-recalc-dims=\"1\" \/><\/a><\/p>\n","protected":false},"excerpt":{"rendered":"<p>com informa\u00e7\u00f5es da Assessoria de Cultura O projeto \u201c1\u00aa Mostra Curta Vazantes \u2013 Cinema em Comunidade\u201d, do\u00a0 jornalista e gestor cultural da Unicap, Leo Tabosa, e da jornalista e\u00a0 cineasta, Aurora Miranda Le\u00e3o, foi contemplado pelo Programa de Cultura\u00a0 Banco do Nordeste \/ BNDES \u2013 Edi\u00e7\u00e3o de 2012. O projeto tem como objetivo promover uma [&hellip;]<\/p>\n","protected":false},"author":20,"featured_media":0,"comment_status":"open","ping_status":"open","sticky":false,"template":"","format":"standard","meta":[],"categories":[4],"tags":[],"jetpack-related-posts":[],"_links":{"self":[{"href":"https:\/\/www1.unicap.br\/assecom1\/wp-json\/wp\/v2\/posts\/32174"}],"collection":[{"href":"https:\/\/www1.unicap.br\/assecom1\/wp-json\/wp\/v2\/posts"}],"about":[{"href":"https:\/\/www1.unicap.br\/assecom1\/wp-json\/wp\/v2\/types\/post"}],"author":[{"embeddable":true,"href":"https:\/\/www1.unicap.br\/assecom1\/wp-json\/wp\/v2\/users\/20"}],"replies":[{"embeddable":true,"href":"https:\/\/www1.unicap.br\/assecom1\/wp-json\/wp\/v2\/comments?post=32174"}],"version-history":[{"count":3,"href":"https:\/\/www1.unicap.br\/assecom1\/wp-json\/wp\/v2\/posts\/32174\/revisions"}],"predecessor-version":[{"id":32208,"href":"https:\/\/www1.unicap.br\/assecom1\/wp-json\/wp\/v2\/posts\/32174\/revisions\/32208"}],"wp:attachment":[{"href":"https:\/\/www1.unicap.br\/assecom1\/wp-json\/wp\/v2\/media?parent=32174"}],"wp:term":[{"taxonomy":"category","embeddable":true,"href":"https:\/\/www1.unicap.br\/assecom1\/wp-json\/wp\/v2\/categories?post=32174"},{"taxonomy":"post_tag","embeddable":true,"href":"https:\/\/www1.unicap.br\/assecom1\/wp-json\/wp\/v2\/tags?post=32174"}],"curies":[{"name":"wp","href":"https:\/\/api.w.org\/{rel}","templated":true}]}}