{"id":32042,"date":"2012-07-05T19:58:19","date_gmt":"2012-07-05T19:58:19","guid":{"rendered":"http:\/\/www.unicap.br\/assecom1\/?p=32042"},"modified":"2012-07-06T20:44:21","modified_gmt":"2012-07-06T20:44:21","slug":"studio-opera-recife-com-inscricoes-prorrogadas","status":"publish","type":"post","link":"https:\/\/www1.unicap.br\/assecom1\/studio-opera-recife-com-inscricoes-prorrogadas\/","title":{"rendered":"Studio \u00d3pera Recife com inscri\u00e7\u00f5es prorrogadas"},"content":{"rendered":"<div id=\"yiv725021362yui_3_2_0_19_134151129835540\">Foram prorrogadas as inscri\u00e7\u00f5es para o 1\u00ba \u00d3pera Studio do Recife. Agora os interessados devem se inscrever at\u00e9 segunda-feira (9). As aulas ter\u00e3o in\u00edcio no dia 16 de julho, na sala do Madrigal Marlos Nobre da Universidade Cat\u00f3lica de Pernambuco, localizada no t\u00e9rreo do bloco A, nos per\u00edodos da manh\u00e3 e tarde. O curso \u00e9 gratuito e ser\u00e1 ministrado pelo bar\u00edtono Marcelo Ferreira, doutorando em Canto pela Universidade de Indiana (EUA).<\/div>\n<div id=\"yiv725021362yui_3_2_0_19_134151129835540\"><\/div>\n<div>Para participar \u00e9 preciso comprovar experi\u00eancia, j\u00e1 que as atividades consistir\u00e3o em t\u00e9cnicas avan\u00e7adas para cantores de \u00f3pera. Ao final do curso, a turma ir\u00e1 realizar uma audi\u00e7\u00e3o especial, aberta ao p\u00fablico, no sal\u00e3o nobre do Teatro de Santa Isabel, no dia 5 de agosto. O\u00a01\u00ba \u00d3pera Studio do Recife \u00e9 um projeto aprovado pela Fundarpe. Outras informa\u00e7\u00f5es pelo telefone 3032-3184.<\/div>\n","protected":false},"excerpt":{"rendered":"<p>Foram prorrogadas as inscri\u00e7\u00f5es para o 1\u00ba \u00d3pera Studio do Recife. Agora os interessados devem se inscrever at\u00e9 segunda-feira (9). As aulas ter\u00e3o in\u00edcio no dia 16 de julho, na sala do Madrigal Marlos Nobre da Universidade Cat\u00f3lica de Pernambuco, localizada no t\u00e9rreo do bloco A, nos per\u00edodos da manh\u00e3 e tarde. O curso \u00e9 [&hellip;]<\/p>\n","protected":false},"author":8,"featured_media":0,"comment_status":"open","ping_status":"open","sticky":false,"template":"","format":"standard","meta":[],"categories":[4],"tags":[],"jetpack-related-posts":[],"_links":{"self":[{"href":"https:\/\/www1.unicap.br\/assecom1\/wp-json\/wp\/v2\/posts\/32042"}],"collection":[{"href":"https:\/\/www1.unicap.br\/assecom1\/wp-json\/wp\/v2\/posts"}],"about":[{"href":"https:\/\/www1.unicap.br\/assecom1\/wp-json\/wp\/v2\/types\/post"}],"author":[{"embeddable":true,"href":"https:\/\/www1.unicap.br\/assecom1\/wp-json\/wp\/v2\/users\/8"}],"replies":[{"embeddable":true,"href":"https:\/\/www1.unicap.br\/assecom1\/wp-json\/wp\/v2\/comments?post=32042"}],"version-history":[{"count":2,"href":"https:\/\/www1.unicap.br\/assecom1\/wp-json\/wp\/v2\/posts\/32042\/revisions"}],"predecessor-version":[{"id":32044,"href":"https:\/\/www1.unicap.br\/assecom1\/wp-json\/wp\/v2\/posts\/32042\/revisions\/32044"}],"wp:attachment":[{"href":"https:\/\/www1.unicap.br\/assecom1\/wp-json\/wp\/v2\/media?parent=32042"}],"wp:term":[{"taxonomy":"category","embeddable":true,"href":"https:\/\/www1.unicap.br\/assecom1\/wp-json\/wp\/v2\/categories?post=32042"},{"taxonomy":"post_tag","embeddable":true,"href":"https:\/\/www1.unicap.br\/assecom1\/wp-json\/wp\/v2\/tags?post=32042"}],"curies":[{"name":"wp","href":"https:\/\/api.w.org\/{rel}","templated":true}]}}