{"id":31948,"date":"2012-06-28T22:15:16","date_gmt":"2012-06-28T22:15:16","guid":{"rendered":"http:\/\/www.unicap.br\/assecom1\/?p=31948"},"modified":"2012-06-28T22:44:12","modified_gmt":"2012-06-28T22:44:12","slug":"professor-thales-castro-lanca-terceiro-livro","status":"publish","type":"post","link":"https:\/\/www1.unicap.br\/assecom1\/professor-thales-castro-lanca-terceiro-livro\/","title":{"rendered":"Professor Thales Castro lan\u00e7a terceiro livro"},"content":{"rendered":"<p><a href=\"https:\/\/i1.wp.com\/www1.unicap.br\/assecom1\/wp-content\/uploads\/2012\/06\/thales-castro.jpg?ssl=1\"><img data-attachment-id=\"31951\" data-permalink=\"https:\/\/www1.unicap.br\/assecom1\/professor-thales-castro-lanca-terceiro-livro\/thales-castro\/\" data-orig-file=\"https:\/\/i1.wp.com\/www1.unicap.br\/assecom1\/wp-content\/uploads\/2012\/06\/thales-castro.jpg?fit=1209%2C1725&amp;ssl=1\" data-orig-size=\"1209,1725\" data-comments-opened=\"1\" data-image-meta=\"{&quot;aperture&quot;:&quot;0&quot;,&quot;credit&quot;:&quot;&quot;,&quot;camera&quot;:&quot;&quot;,&quot;caption&quot;:&quot;&quot;,&quot;created_timestamp&quot;:&quot;0&quot;,&quot;copyright&quot;:&quot;&quot;,&quot;focal_length&quot;:&quot;0&quot;,&quot;iso&quot;:&quot;0&quot;,&quot;shutter_speed&quot;:&quot;0&quot;,&quot;title&quot;:&quot;&quot;}\" data-image-title=\"thales castro\" data-image-description=\"\" data-medium-file=\"https:\/\/i1.wp.com\/www1.unicap.br\/assecom1\/wp-content\/uploads\/2012\/06\/thales-castro.jpg?fit=210%2C300&amp;ssl=1\" data-large-file=\"https:\/\/i1.wp.com\/www1.unicap.br\/assecom1\/wp-content\/uploads\/2012\/06\/thales-castro.jpg?fit=640%2C914&amp;ssl=1\" loading=\"lazy\" class=\"size-large wp-image-31951 alignleft\" title=\"thales castro\" src=\"https:\/\/i1.wp.com\/www1.unicap.br\/assecom1\/wp-content\/uploads\/2012\/06\/thales-castro.jpg?resize=323%2C461&#038;ssl=1\" alt=\"\" srcset=\"https:\/\/i1.wp.com\/www1.unicap.br\/assecom1\/wp-content\/uploads\/2012\/06\/thales-castro.jpg?resize=717%2C1024&amp;ssl=1 717w, https:\/\/i1.wp.com\/www1.unicap.br\/assecom1\/wp-content\/uploads\/2012\/06\/thales-castro.jpg?resize=210%2C300&amp;ssl=1 210w, https:\/\/i1.wp.com\/www1.unicap.br\/assecom1\/wp-content\/uploads\/2012\/06\/thales-castro.jpg?resize=250%2C356&amp;ssl=1 250w, https:\/\/i1.wp.com\/www1.unicap.br\/assecom1\/wp-content\/uploads\/2012\/06\/thales-castro.jpg?w=1209&amp;ssl=1 1209w\" sizes=\"(max-width: 323px) 100vw, 323px\" data-recalc-dims=\"1\" \/><\/a><\/p>\n<p>O assessor de Rela\u00e7\u00f5es Internacionais da Universidade Cat\u00f3lica de Pernambuco, Thales Castro, acaba de lan\u00e7ar seu terceiro livro. Intitulada &#8220;Teoria das Rela\u00e7\u00f5es Internacionais&#8221;, a obra foi\u00a0 editada pela Editora do Itamaraty (Funag &#8211; Funda\u00e7\u00e3o Alexandre de Gusm\u00e3o) e j\u00e1 est\u00e1 \u00e0 venda em todo o Brasil.<\/p>\n<p>O\u00a0livro tem 580 p\u00e1ginas e teve o pref\u00e1cio escrito\u00a0pelo professor\u00a0e diplomata\u00a0Paulo Roberto de Almeida e\u00a0pelo embaixador Fernando Martinez (diplomata espanhol e pesquisador do N\u00facleo de Estudos\u00a0para Am\u00e9rica Latina da Unicap).\u00a0O\u00a0Itamaraty enviar\u00e1 c\u00f3pias de cortesia para as embaixadas em Bras\u00edlia al\u00e9m de \u00f3rg\u00e3os p\u00fablicos e autarquias federais.<\/p>\n<p>O professor Thales Castro pretender lan\u00e7ar o livro no Recife, em finais de agosto, com apoio da Sociedade Consular de Pernambuco e de outras entidades.<\/p>\n","protected":false},"excerpt":{"rendered":"<p>O assessor de Rela\u00e7\u00f5es Internacionais da Universidade Cat\u00f3lica de Pernambuco, Thales Castro, acaba de lan\u00e7ar seu terceiro livro. Intitulada &#8220;Teoria das Rela\u00e7\u00f5es Internacionais&#8221;, a obra foi\u00a0 editada pela Editora do Itamaraty (Funag &#8211; Funda\u00e7\u00e3o Alexandre de Gusm\u00e3o) e j\u00e1 est\u00e1 \u00e0 venda em todo o Brasil. O\u00a0livro tem 580 p\u00e1ginas e teve o pref\u00e1cio escrito\u00a0pelo [&hellip;]<\/p>\n","protected":false},"author":2,"featured_media":0,"comment_status":"open","ping_status":"open","sticky":false,"template":"","format":"standard","meta":[],"categories":[4],"tags":[],"jetpack-related-posts":[],"_links":{"self":[{"href":"https:\/\/www1.unicap.br\/assecom1\/wp-json\/wp\/v2\/posts\/31948"}],"collection":[{"href":"https:\/\/www1.unicap.br\/assecom1\/wp-json\/wp\/v2\/posts"}],"about":[{"href":"https:\/\/www1.unicap.br\/assecom1\/wp-json\/wp\/v2\/types\/post"}],"author":[{"embeddable":true,"href":"https:\/\/www1.unicap.br\/assecom1\/wp-json\/wp\/v2\/users\/2"}],"replies":[{"embeddable":true,"href":"https:\/\/www1.unicap.br\/assecom1\/wp-json\/wp\/v2\/comments?post=31948"}],"version-history":[{"count":4,"href":"https:\/\/www1.unicap.br\/assecom1\/wp-json\/wp\/v2\/posts\/31948\/revisions"}],"predecessor-version":[{"id":31953,"href":"https:\/\/www1.unicap.br\/assecom1\/wp-json\/wp\/v2\/posts\/31948\/revisions\/31953"}],"wp:attachment":[{"href":"https:\/\/www1.unicap.br\/assecom1\/wp-json\/wp\/v2\/media?parent=31948"}],"wp:term":[{"taxonomy":"category","embeddable":true,"href":"https:\/\/www1.unicap.br\/assecom1\/wp-json\/wp\/v2\/categories?post=31948"},{"taxonomy":"post_tag","embeddable":true,"href":"https:\/\/www1.unicap.br\/assecom1\/wp-json\/wp\/v2\/tags?post=31948"}],"curies":[{"name":"wp","href":"https:\/\/api.w.org\/{rel}","templated":true}]}}