{"id":31903,"date":"2012-06-27T23:27:01","date_gmt":"2012-06-27T23:27:01","guid":{"rendered":"http:\/\/www.unicap.br\/assecom1\/?p=31903"},"modified":"2012-06-27T23:40:17","modified_gmt":"2012-06-27T23:40:17","slug":"professor-luis-carvalheira-tem-trabalho-tecnico-aprovado-na-iv-conferencia-internacional-de-historia-economica-e-de-empresas","status":"publish","type":"post","link":"https:\/\/www1.unicap.br\/assecom1\/professor-luis-carvalheira-tem-trabalho-tecnico-aprovado-na-iv-conferencia-internacional-de-historia-economica-e-de-empresas\/","title":{"rendered":"Professor Lu\u00eds Carvalheira tem trabalho t\u00e9cnico aprovado na IV Confer\u00eancia Internacional de Hist\u00f3ria Econ\u00f4mica e de Empresas"},"content":{"rendered":"<p><a href=\"https:\/\/i1.wp.com\/www1.unicap.br\/assecom1\/wp-content\/uploads\/2012\/06\/luis-carvalheira-de-mendon\u00e7a.jpg?ssl=1\"><img data-attachment-id=\"31925\" data-permalink=\"https:\/\/www1.unicap.br\/assecom1\/professor-luis-carvalheira-tem-trabalho-tecnico-aprovado-na-iv-conferencia-internacional-de-historia-economica-e-de-empresas\/luis-carvalheira-de-mendonca\/\" data-orig-file=\"https:\/\/i1.wp.com\/www1.unicap.br\/assecom1\/wp-content\/uploads\/2012\/06\/luis-carvalheira-de-mendon\u00e7a.jpg?fit=640%2C480&amp;ssl=1\" data-orig-size=\"640,480\" data-comments-opened=\"1\" data-image-meta=\"{&quot;aperture&quot;:&quot;0&quot;,&quot;credit&quot;:&quot;&quot;,&quot;camera&quot;:&quot;&quot;,&quot;caption&quot;:&quot;&quot;,&quot;created_timestamp&quot;:&quot;0&quot;,&quot;copyright&quot;:&quot;&quot;,&quot;focal_length&quot;:&quot;0&quot;,&quot;iso&quot;:&quot;0&quot;,&quot;shutter_speed&quot;:&quot;0&quot;,&quot;title&quot;:&quot;&quot;}\" data-image-title=\"luis carvalheira de mendon\u00e7a\" data-image-description=\"\" data-medium-file=\"https:\/\/i1.wp.com\/www1.unicap.br\/assecom1\/wp-content\/uploads\/2012\/06\/luis-carvalheira-de-mendon\u00e7a.jpg?fit=300%2C225&amp;ssl=1\" data-large-file=\"https:\/\/i1.wp.com\/www1.unicap.br\/assecom1\/wp-content\/uploads\/2012\/06\/luis-carvalheira-de-mendon\u00e7a.jpg?fit=640%2C480&amp;ssl=1\" loading=\"lazy\" class=\"size-full wp-image-31925 alignright\" title=\"luis carvalheira de mendon\u00e7a\" src=\"https:\/\/i1.wp.com\/www1.unicap.br\/assecom1\/wp-content\/uploads\/2012\/06\/luis-carvalheira-de-mendon\u00e7a.jpg?resize=358%2C269&#038;ssl=1\" alt=\"\" srcset=\"https:\/\/i1.wp.com\/www1.unicap.br\/assecom1\/wp-content\/uploads\/2012\/06\/luis-carvalheira-de-mendon\u00e7a.jpg?w=640&amp;ssl=1 640w, https:\/\/i1.wp.com\/www1.unicap.br\/assecom1\/wp-content\/uploads\/2012\/06\/luis-carvalheira-de-mendon\u00e7a.jpg?resize=300%2C225&amp;ssl=1 300w, https:\/\/i1.wp.com\/www1.unicap.br\/assecom1\/wp-content\/uploads\/2012\/06\/luis-carvalheira-de-mendon\u00e7a.jpg?resize=250%2C187&amp;ssl=1 250w\" sizes=\"(max-width: 358px) 100vw, 358px\" data-recalc-dims=\"1\" \/><\/a>O professor Lu\u00eds Carvalheira de Mendon\u00e7a, do curso de Administra\u00e7\u00e3o da Universidade Cat\u00f3lica de Pernambuco,\u00a0teve trabalho t\u00e9cnico aprovado para ser apresentado na IV Confer\u00eancia Internacional de Hist\u00f3ria Econ\u00f4mica, a ser realizada de 9 a 11 de\u00a0outubro, na Universidade de S\u00e3o Paulo.<\/p>\n<p>O trabalho que ele ir\u00e1 apresentar na Comiss\u00e3o de Hist\u00f3ria de Empresas versa sobre os empreendedores portugueses no Recife, objeto de seu livro &#8220;Recife Mascate: a aventura lusa na primeira metade do s\u00e9culo XX&#8221; (Editora Garamond, 2011). O professor Carvalheira dedica-se h\u00e1 muitos anos \u00e0s pesquisas sobre a hist\u00f3ria de empreendedores e de empresas em Pernambuco. As sele\u00e7\u00f5es dos trabalhos a serem apresentados no evento foram realizadas pelas Comiss\u00f5es Cient\u00edficas dos M\u00f3dulo Tem\u00e1ticos (cada qual com\u00a0tr\u00eas membros) e a aprova\u00e7\u00e3o do texto dependia da indica\u00e7\u00e3o de ao menos\u00a0dois destes membros.<\/p>\n<div id=\"node-10\">\n<div>\n<div>\n<div>\n<div>\n<div>\n<p>A IV Confer\u00eancia Internacional de Hist\u00f3ria Econ\u00f4mica ser\u00e1 realizada conjuntamente com o<em>\u00a0<\/em>VI Encontro de P\u00f3s Gradua\u00e7\u00e3o em Hist\u00f3ria Econ\u00f4mica e t\u00eam por objetivo dar continuidade aos Encontros de P\u00f3s-Gradua\u00e7\u00e3o promovidos pela Associa\u00e7\u00e3o Brasileira de Hist\u00f3ria Econ\u00f4mica &#8211; ABPHE desde 2002, assim como aos encontros promovidos pelo Programa de Hist\u00f3ria Econ\u00f4mica da FFLCH\/USP. Este evento, em especial, faz parte dos encontros destinados para a apresenta\u00e7\u00e3o das pesquisas dos alunos de gradua\u00e7\u00e3o e p\u00f3s-gradua\u00e7\u00e3o, contando tamb\u00e9m com confer\u00eancias e mesas-redondas de professores e pesquisadores reconhecidos na \u00e1rea.<\/p>\n<\/div>\n<\/div>\n<\/div>\n<\/div>\n<\/div>\n<\/div>\n<p>Mais\u00a0informa\u00e7\u00f5es sobre o evento no site: cihe.fflch.usp.br.<\/p>\n","protected":false},"excerpt":{"rendered":"<p>O professor Lu\u00eds Carvalheira de Mendon\u00e7a, do curso de Administra\u00e7\u00e3o da Universidade Cat\u00f3lica de Pernambuco,\u00a0teve trabalho t\u00e9cnico aprovado para ser apresentado na IV Confer\u00eancia Internacional de Hist\u00f3ria Econ\u00f4mica, a ser realizada de 9 a 11 de\u00a0outubro, na Universidade de S\u00e3o Paulo. O trabalho que ele ir\u00e1 apresentar na Comiss\u00e3o de Hist\u00f3ria de Empresas versa sobre [&hellip;]<\/p>\n","protected":false},"author":2,"featured_media":0,"comment_status":"open","ping_status":"open","sticky":false,"template":"","format":"standard","meta":[],"categories":[4],"tags":[],"jetpack-related-posts":[],"_links":{"self":[{"href":"https:\/\/www1.unicap.br\/assecom1\/wp-json\/wp\/v2\/posts\/31903"}],"collection":[{"href":"https:\/\/www1.unicap.br\/assecom1\/wp-json\/wp\/v2\/posts"}],"about":[{"href":"https:\/\/www1.unicap.br\/assecom1\/wp-json\/wp\/v2\/types\/post"}],"author":[{"embeddable":true,"href":"https:\/\/www1.unicap.br\/assecom1\/wp-json\/wp\/v2\/users\/2"}],"replies":[{"embeddable":true,"href":"https:\/\/www1.unicap.br\/assecom1\/wp-json\/wp\/v2\/comments?post=31903"}],"version-history":[{"count":5,"href":"https:\/\/www1.unicap.br\/assecom1\/wp-json\/wp\/v2\/posts\/31903\/revisions"}],"predecessor-version":[{"id":31927,"href":"https:\/\/www1.unicap.br\/assecom1\/wp-json\/wp\/v2\/posts\/31903\/revisions\/31927"}],"wp:attachment":[{"href":"https:\/\/www1.unicap.br\/assecom1\/wp-json\/wp\/v2\/media?parent=31903"}],"wp:term":[{"taxonomy":"category","embeddable":true,"href":"https:\/\/www1.unicap.br\/assecom1\/wp-json\/wp\/v2\/categories?post=31903"},{"taxonomy":"post_tag","embeddable":true,"href":"https:\/\/www1.unicap.br\/assecom1\/wp-json\/wp\/v2\/tags?post=31903"}],"curies":[{"name":"wp","href":"https:\/\/api.w.org\/{rel}","templated":true}]}}