{"id":31747,"date":"2012-06-20T23:03:32","date_gmt":"2012-06-20T23:03:32","guid":{"rendered":"http:\/\/www.unicap.br\/assecom1\/?p=31747"},"modified":"2012-06-20T23:04:02","modified_gmt":"2012-06-20T23:04:02","slug":"inscricoes-para-concurso-de-fotografia-ibero-americana-estao-abertas-ate-o-dia-29","status":"publish","type":"post","link":"https:\/\/www1.unicap.br\/assecom1\/inscricoes-para-concurso-de-fotografia-ibero-americana-estao-abertas-ate-o-dia-29\/","title":{"rendered":"Inscri\u00e7\u00f5es para concurso de fotografia ibero-americana est\u00e3o abertas at\u00e9 o dia 29 de junho"},"content":{"rendered":"<p>Com o objetivo de incentivar e difundir a fotografia ibero-americana, a Editorial RM ir\u00e1 premiar um fot\u00f3grafo com a publica\u00e7\u00e3o de um fotolivro. As inscri\u00e7\u00f5es v\u00e3o at\u00e9 29 de junho. Al\u00e9m de ter seu livro publicado com tiragem de mil exemplares, o ganhador ter\u00e1 a publica\u00e7\u00e3o distribu\u00edda mundialmente pela editora. \u201cA distribui\u00e7\u00e3o em larga escala \u00e9 uma pe\u00e7a fundamental do concurso, que tem como objetivo projetar internacionalmente novos trabalhos ibero-americanos\u201d, afirma Claudi Carreras, um dos jurados do pr\u00eamio.<\/p>\n<p>\u201cDesde a publica\u00e7\u00e3o de Fotolivros latino-americanos h\u00e1 um interesse crescente em publica\u00e7\u00f5es deste g\u00eanero. Estamos vivendo um momento decisivo, e a ideia de fotolivro parece ainda n\u00e3o estar muito difundida. O livro de Horacio Fern\u00e1ndez \u00e9 essencial para deixar claro que um fotolivro \u00e9 diferente de um livro com fotos\u201d, acrescenta Carreras.<\/p>\n<p>Em suas duas \u00faltimas edi\u00e7\u00f5es, o concurso se restringiu aos pa\u00edses da Am\u00e9rica Latina, mas desta vez tamb\u00e9m podem se inscrever fot\u00f3grafos residentes na Espanha e em Portugal. O concurso \u00e9 direcionado a fot\u00f3grafos profissionais, estudantes de fotografia e amadores. Confira o regulamento no\u00a0<a href=\"http:\/\/concurso.editorialrm.com\/es\/bases\">http:\/\/concurso.editorialrm.com\/es\/bases<\/a>\u00a0e veja o Cat\u00e1logo 2012 da editora no\u00a0<a href=\"http:\/\/www.editorialrm.com\/noticias\/CATRM20121.pdf\">http:\/\/www.editorialrm.com\/noticias\/CATRM20121.pdf<\/a><\/p>\n","protected":false},"excerpt":{"rendered":"<p>Com o objetivo de incentivar e difundir a fotografia ibero-americana, a Editorial RM ir\u00e1 premiar um fot\u00f3grafo com a publica\u00e7\u00e3o de um fotolivro. As inscri\u00e7\u00f5es v\u00e3o at\u00e9 29 de junho. Al\u00e9m de ter seu livro publicado com tiragem de mil exemplares, o ganhador ter\u00e1 a publica\u00e7\u00e3o distribu\u00edda mundialmente pela editora. \u201cA distribui\u00e7\u00e3o em larga escala [&hellip;]<\/p>\n","protected":false},"author":2,"featured_media":0,"comment_status":"open","ping_status":"open","sticky":false,"template":"","format":"standard","meta":[],"categories":[4],"tags":[],"jetpack-related-posts":[],"_links":{"self":[{"href":"https:\/\/www1.unicap.br\/assecom1\/wp-json\/wp\/v2\/posts\/31747"}],"collection":[{"href":"https:\/\/www1.unicap.br\/assecom1\/wp-json\/wp\/v2\/posts"}],"about":[{"href":"https:\/\/www1.unicap.br\/assecom1\/wp-json\/wp\/v2\/types\/post"}],"author":[{"embeddable":true,"href":"https:\/\/www1.unicap.br\/assecom1\/wp-json\/wp\/v2\/users\/2"}],"replies":[{"embeddable":true,"href":"https:\/\/www1.unicap.br\/assecom1\/wp-json\/wp\/v2\/comments?post=31747"}],"version-history":[{"count":2,"href":"https:\/\/www1.unicap.br\/assecom1\/wp-json\/wp\/v2\/posts\/31747\/revisions"}],"predecessor-version":[{"id":31750,"href":"https:\/\/www1.unicap.br\/assecom1\/wp-json\/wp\/v2\/posts\/31747\/revisions\/31750"}],"wp:attachment":[{"href":"https:\/\/www1.unicap.br\/assecom1\/wp-json\/wp\/v2\/media?parent=31747"}],"wp:term":[{"taxonomy":"category","embeddable":true,"href":"https:\/\/www1.unicap.br\/assecom1\/wp-json\/wp\/v2\/categories?post=31747"},{"taxonomy":"post_tag","embeddable":true,"href":"https:\/\/www1.unicap.br\/assecom1\/wp-json\/wp\/v2\/tags?post=31747"}],"curies":[{"name":"wp","href":"https:\/\/api.w.org\/{rel}","templated":true}]}}