{"id":31660,"date":"2012-06-18T22:28:16","date_gmt":"2012-06-18T22:28:16","guid":{"rendered":"http:\/\/www.unicap.br\/assecom1\/?p=31660"},"modified":"2012-06-18T22:28:55","modified_gmt":"2012-06-18T22:28:55","slug":"estudantes-do-curso-de-fotografia-realizam-exposicao","status":"publish","type":"post","link":"https:\/\/www1.unicap.br\/assecom1\/estudantes-do-curso-de-fotografia-realizam-exposicao\/","title":{"rendered":"Estudantes do curso de Fotografia realizam exposi\u00e7\u00e3o"},"content":{"rendered":"<figure id=\"attachment_31663\" aria-describedby=\"caption-attachment-31663\" style=\"width: 645px\" class=\"wp-caption aligncenter\"><a href=\"https:\/\/i2.wp.com\/www1.unicap.br\/assecom1\/wp-content\/uploads\/2012\/06\/IMG_0031.jpg?ssl=1\"><img data-attachment-id=\"31663\" data-permalink=\"https:\/\/www1.unicap.br\/assecom1\/estudantes-do-curso-de-fotografia-realizam-exposicao\/img_0031\/\" data-orig-file=\"https:\/\/i2.wp.com\/www1.unicap.br\/assecom1\/wp-content\/uploads\/2012\/06\/IMG_0031.jpg?fit=3264%2C2448&amp;ssl=1\" data-orig-size=\"3264,2448\" data-comments-opened=\"1\" data-image-meta=\"{&quot;aperture&quot;:&quot;2.4&quot;,&quot;credit&quot;:&quot;&quot;,&quot;camera&quot;:&quot;iPhone 4S&quot;,&quot;caption&quot;:&quot;&quot;,&quot;created_timestamp&quot;:&quot;1340031069&quot;,&quot;copyright&quot;:&quot;&quot;,&quot;focal_length&quot;:&quot;4.28&quot;,&quot;iso&quot;:&quot;160&quot;,&quot;shutter_speed&quot;:&quot;0.05&quot;,&quot;title&quot;:&quot;&quot;}\" data-image-title=\"IMG_0031\" data-image-description=\"\" data-medium-file=\"https:\/\/i2.wp.com\/www1.unicap.br\/assecom1\/wp-content\/uploads\/2012\/06\/IMG_0031.jpg?fit=300%2C225&amp;ssl=1\" data-large-file=\"https:\/\/i2.wp.com\/www1.unicap.br\/assecom1\/wp-content\/uploads\/2012\/06\/IMG_0031.jpg?fit=640%2C480&amp;ssl=1\" loading=\"lazy\" class=\"size-large wp-image-31663\" src=\"https:\/\/i2.wp.com\/www1.unicap.br\/assecom1\/wp-content\/uploads\/2012\/06\/IMG_0031.jpg?resize=640%2C479&#038;ssl=1\" alt=\"\" srcset=\"https:\/\/i2.wp.com\/www1.unicap.br\/assecom1\/wp-content\/uploads\/2012\/06\/IMG_0031.jpg?resize=1024%2C768&amp;ssl=1 1024w, https:\/\/i2.wp.com\/www1.unicap.br\/assecom1\/wp-content\/uploads\/2012\/06\/IMG_0031.jpg?resize=300%2C225&amp;ssl=1 300w, https:\/\/i2.wp.com\/www1.unicap.br\/assecom1\/wp-content\/uploads\/2012\/06\/IMG_0031.jpg?resize=250%2C187&amp;ssl=1 250w, https:\/\/i2.wp.com\/www1.unicap.br\/assecom1\/wp-content\/uploads\/2012\/06\/IMG_0031.jpg?w=1280&amp;ssl=1 1280w, https:\/\/i2.wp.com\/www1.unicap.br\/assecom1\/wp-content\/uploads\/2012\/06\/IMG_0031.jpg?w=1920&amp;ssl=1 1920w\" sizes=\"(max-width: 640px) 100vw, 640px\" data-recalc-dims=\"1\" \/><\/a><figcaption id=\"caption-attachment-31663\" class=\"wp-caption-text\">Expofoto 2012 pode ser conferida at\u00e9 o dia 29 de junho, no t\u00e9rreo da Biblioteca Central<\/figcaption><\/figure>\n<p>Os alunos do primeiro e terceiro m\u00f3dulos do curso de Fotografia da Unicap foram os protagonistas da Expofoto 2012, segunda mostra que re\u00fane 250 atividades acad\u00eamicas e interdisciplinares realizadas durante o primeiro semestre deste ano. A exposi\u00e7\u00e3o reflete conhecimentos obtidos sobre a anatomia da c\u00e2mera, m\u00eddias digitais, laborat\u00f3rio preto e branco e gerenciamento de cor e impress\u00e3o, al\u00e9m de contemplar o \u00e2mbito da hist\u00f3ria da fotografia, a linguagem fotogr\u00e1fica e o tratamento de imagens.<\/p>\n<p>Em meio ao mundo digitalizado, os alunos do primeiro m\u00f3dulo descobriram a fotografia anal\u00f3gica, por meio da qual desvendaram as facetas da revela\u00e7\u00e3o qu\u00edmica. Os trabalhos trazem um pouco da hist\u00f3ria da fotografia e da rela\u00e7\u00e3o imag\u00e9tica e liter\u00e1ria, al\u00e9m de apresentar no\u00e7\u00f5es de aspectos sociais e culturais retratados em imagens.\u00a0Coordenados por Renata Victor, professora da disciplina de Anatomia da C\u00e2mera Fotogr\u00e1fica, os estudantes do primeiro m\u00f3dulo tamb\u00e9m receberam a ajuda dos professores Leonardo Ariel (Hist\u00f3ria da Fotografia), Samuel Paes Barreto (Portugu\u00eas Instrumental 1) e Eleonora Saldanha (Laborat\u00f3rio Preto e Branco).<\/p>\n<p>J\u00e1 nos trabalhos produzidos pelos alunos do terceiro m\u00f3dulo, come\u00e7am a ser delineadas personalidades fotogr\u00e1ficas. Encontra-se, entre as diversas identidades, fotografias art\u00edsticas, de moda, eventos, al\u00e9m de ser explorada a po\u00e9tica da imagem, em uma vis\u00e3o mais madura e definida.\u00a0Os alunos receberam a contribui\u00e7\u00e3o dos professores Renata Victor e Leonardo Ariel (Linguagem Fotogr\u00e1fica 2), Ricardo Marcelino (Edi\u00e7\u00e3o e Tratamento de Imagem), Germana Soares (Gerenciamento de Cor e Impress\u00e3o), al\u00e9m dos professores Carolina Monteiro (M\u00eddias Digitais), Ana Farache e Leonardo Falc\u00e3o (Po\u00e9tica da Imagem).<\/p>\n<p>A exposi\u00e7\u00e3o fica aberta ao p\u00fablico do dia 25 ao dia 29 de junho, mas j\u00e1 pode ser conferida por alunos e funcion\u00e1rios da Cat\u00f3lica, no t\u00e9rreo da Biblioteca Central. Para outras informa\u00e7\u00f5es, entrar em contato com\u00a0a professora Renata Victor, atrav\u00e9s do n\u00famero 9971-8247.<\/p>\n","protected":false},"excerpt":{"rendered":"<p>Os alunos do primeiro e terceiro m\u00f3dulos do curso de Fotografia da Unicap foram os protagonistas da Expofoto 2012, segunda mostra que re\u00fane 250 atividades acad\u00eamicas e interdisciplinares realizadas durante o primeiro semestre deste ano. A exposi\u00e7\u00e3o reflete conhecimentos obtidos sobre a anatomia da c\u00e2mera, m\u00eddias digitais, laborat\u00f3rio preto e branco e gerenciamento de cor [&hellip;]<\/p>\n","protected":false},"author":42,"featured_media":0,"comment_status":"open","ping_status":"open","sticky":false,"template":"","format":"standard","meta":[],"categories":[4],"tags":[],"jetpack-related-posts":[],"_links":{"self":[{"href":"https:\/\/www1.unicap.br\/assecom1\/wp-json\/wp\/v2\/posts\/31660"}],"collection":[{"href":"https:\/\/www1.unicap.br\/assecom1\/wp-json\/wp\/v2\/posts"}],"about":[{"href":"https:\/\/www1.unicap.br\/assecom1\/wp-json\/wp\/v2\/types\/post"}],"author":[{"embeddable":true,"href":"https:\/\/www1.unicap.br\/assecom1\/wp-json\/wp\/v2\/users\/42"}],"replies":[{"embeddable":true,"href":"https:\/\/www1.unicap.br\/assecom1\/wp-json\/wp\/v2\/comments?post=31660"}],"version-history":[{"count":9,"href":"https:\/\/www1.unicap.br\/assecom1\/wp-json\/wp\/v2\/posts\/31660\/revisions"}],"predecessor-version":[{"id":31675,"href":"https:\/\/www1.unicap.br\/assecom1\/wp-json\/wp\/v2\/posts\/31660\/revisions\/31675"}],"wp:attachment":[{"href":"https:\/\/www1.unicap.br\/assecom1\/wp-json\/wp\/v2\/media?parent=31660"}],"wp:term":[{"taxonomy":"category","embeddable":true,"href":"https:\/\/www1.unicap.br\/assecom1\/wp-json\/wp\/v2\/categories?post=31660"},{"taxonomy":"post_tag","embeddable":true,"href":"https:\/\/www1.unicap.br\/assecom1\/wp-json\/wp\/v2\/tags?post=31660"}],"curies":[{"name":"wp","href":"https:\/\/api.w.org\/{rel}","templated":true}]}}