{"id":31495,"date":"2012-06-11T22:47:39","date_gmt":"2012-06-11T22:47:39","guid":{"rendered":"http:\/\/www.unicap.br\/assecom1\/?p=31495"},"modified":"2012-06-12T12:22:25","modified_gmt":"2012-06-12T12:22:25","slug":"intercambista-mexicano-fala-de-sua-experiencia-na-unicap","status":"publish","type":"post","link":"https:\/\/www1.unicap.br\/assecom1\/intercambista-mexicano-fala-de-sua-experiencia-na-unicap\/","title":{"rendered":"Intercambista mexicano fala de sua experi\u00eancia na Unicap"},"content":{"rendered":"<figure id=\"attachment_31538\" aria-describedby=\"caption-attachment-31538\" style=\"width: 199px\" class=\"wp-caption alignleft\"><a href=\"https:\/\/i1.wp.com\/www1.unicap.br\/assecom1\/wp-content\/uploads\/2012\/06\/DSC90761.jpg?ssl=1\"><img data-attachment-id=\"31538\" data-permalink=\"https:\/\/www1.unicap.br\/assecom1\/intercambista-mexicano-fala-de-sua-experiencia-na-unicap\/_dsc90761\/\" data-orig-file=\"https:\/\/i1.wp.com\/www1.unicap.br\/assecom1\/wp-content\/uploads\/2012\/06\/DSC90761.jpg?fit=2848%2C4288&amp;ssl=1\" data-orig-size=\"2848,4288\" data-comments-opened=\"1\" data-image-meta=\"{&quot;aperture&quot;:&quot;14&quot;,&quot;credit&quot;:&quot;&quot;,&quot;camera&quot;:&quot;NIKON D90&quot;,&quot;caption&quot;:&quot;&quot;,&quot;created_timestamp&quot;:&quot;1338891387&quot;,&quot;copyright&quot;:&quot;&quot;,&quot;focal_length&quot;:&quot;18&quot;,&quot;iso&quot;:&quot;1250&quot;,&quot;shutter_speed&quot;:&quot;0.16666666666667&quot;,&quot;title&quot;:&quot;&quot;}\" data-image-title=\"_DSC90761\" data-image-description=\"\" data-medium-file=\"https:\/\/i1.wp.com\/www1.unicap.br\/assecom1\/wp-content\/uploads\/2012\/06\/DSC90761.jpg?fit=199%2C300&amp;ssl=1\" data-large-file=\"https:\/\/i1.wp.com\/www1.unicap.br\/assecom1\/wp-content\/uploads\/2012\/06\/DSC90761.jpg?fit=640%2C964&amp;ssl=1\" loading=\"lazy\" class=\"size-medium wp-image-31538\" title=\"_DSC90761\" src=\"https:\/\/i1.wp.com\/www1.unicap.br\/assecom1\/wp-content\/uploads\/2012\/06\/DSC90761.jpg?resize=199%2C300&#038;ssl=1\" alt=\"\" srcset=\"https:\/\/i1.wp.com\/www1.unicap.br\/assecom1\/wp-content\/uploads\/2012\/06\/DSC90761.jpg?resize=199%2C300&amp;ssl=1 199w, https:\/\/i1.wp.com\/www1.unicap.br\/assecom1\/wp-content\/uploads\/2012\/06\/DSC90761.jpg?resize=680%2C1024&amp;ssl=1 680w, https:\/\/i1.wp.com\/www1.unicap.br\/assecom1\/wp-content\/uploads\/2012\/06\/DSC90761.jpg?resize=250%2C376&amp;ssl=1 250w, https:\/\/i1.wp.com\/www1.unicap.br\/assecom1\/wp-content\/uploads\/2012\/06\/DSC90761.jpg?w=1280&amp;ssl=1 1280w, https:\/\/i1.wp.com\/www1.unicap.br\/assecom1\/wp-content\/uploads\/2012\/06\/DSC90761.jpg?w=1920&amp;ssl=1 1920w\" sizes=\"(max-width: 199px) 100vw, 199px\" data-recalc-dims=\"1\" \/><\/a><figcaption id=\"caption-attachment-31538\" class=\"wp-caption-text\">Foto:Carolina Nogueira<\/figcaption><\/figure>\n<div class=\"mceTemp\">O mexicano Roberto Coppel Domingues, de 21 anos, nascido no munic\u00edpio de Mazatlan &#8211; Estado de Smaloa, est\u00e1 estudando na Universidade Cat\u00f3lica de Pernambuco\u00a0desde o in\u00edcio do ano letivo. Como a maioria dos intercambistas, est\u00e1 morando na casa de uma fam\u00edlia pernambucana. Roberto estuda Neg\u00f3cios Internacionais na Universidade Ibero-Americana na cidade de Guadalajara. Confira a entrevista que ele concedeu ao <strong>Boletim Unicap<\/strong>:<\/div>\n<p><strong>Boletim Unicap<\/strong>: Qual o curso que voc\u00ea est\u00e1\u00a0fazendo na Cat\u00f3lica?<\/p>\n<p><strong>Roberto Coppel Domingues<\/strong>: Na verdade, nenhum. Estou pagando\u00a0quatro disciplinas nos cursos de Direito, Economia e Administra\u00e7\u00e3o. S\u00e3o elas: Gest\u00e3o de Microempresas, Economia, Portugu\u00eas I e Portugu\u00eas III.<\/p>\n<p><strong>Boletim Unicap<\/strong>: O que fez voc\u00ea escolher a Universidade Cat\u00f3lica?<\/p>\n<p><strong>Roberto<\/strong>: Estava com vontade de fazer interc\u00e2mbio pela experi\u00eancia e acabei decidindo vir para o Recife, por se uma cidade muito boa e por j\u00e1 ter um lugar para ficar, al\u00e9m de a\u00a0Universidade ser bastante conhecida.<\/p>\n<p><strong>Boletim Unicap<\/strong>: Voc\u00ea j\u00e1 conhecia as pessoas da resid\u00eancia em que voc\u00ea moraria aqui?<\/p>\n<p><strong>Roberto<\/strong>: Sim, conheci no M\u00e9xico.<\/p>\n<p><strong>Boletim Unicap<\/strong>: O que achou da estrutura da Unicap?<\/p>\n<p><strong>Roberto<\/strong>: Gostei muito. Os laborat\u00f3rios s\u00e3o exelentes,\u00a0 a biblioteca \u00e9 muito boa, as salas de aula\u00a0t\u00eam ar-condicionado e o jardim \u00e9 muito bonito.<\/p>\n<p><strong>Boletim Unicap<\/strong>: Como est\u00e1 sendo a sua experi\u00eancia no Recife?<\/p>\n<p><strong>Roberto<\/strong>: A experi\u00eancia\u00a0est\u00e1 sendo\u00a0fant\u00e1stica. Recife \u00e9 uma cidade maravilhosa, uma cidade com muitas coisas para fazer.<\/p>\n<p><strong>Boletim Unicap<\/strong>: O que voc\u00ea mais gosta de fazer aqui?<\/p>\n<p><strong>Roberto<\/strong>: Surfar, ir para as praias e praticar esportes radicais.<\/p>\n<p>Boletim Unicap: Quais os pontos tur\u00edsticos de Pernambuco que voc\u00ea j\u00e1 conheceu?<\/p>\n<p><strong>Roberto<\/strong>: Porto de Galinhas, Tamandar\u00e9 e Maraca\u00edpe.<\/p>\n<p><strong>Boletim Unicap<\/strong>: Voc\u00ea vai levar para casa alguma recorda\u00e7\u00e3o ou alguma hist\u00f3ria engra\u00e7ada?<\/p>\n<p><strong>Roberto<\/strong>: Sim, as recorda\u00e7\u00f5es ser\u00e3o as aulas, os amigos e o carnaval. Uma hist\u00f3ria tr\u00e1gico-c\u00f4mica foi quando eu rompi o ligamento cruzado do joelho direito lutando jiu-jitsu com um cara de 120 quilos.<\/p>\n<p><strong>Boletim Unicap<\/strong>: Est\u00e1 valendo a pena fazer interc\u00e2mbio na Cat\u00f3lica?<\/p>\n<p><strong>Roberto<\/strong>: Sim, a experi\u00eancia est\u00e1 valendo muito a pena.<\/p>\n<p><strong>Boletim Unicap<\/strong>: Quando voc\u00ea voltar\u00e1 para o M\u00e9xico?<\/p>\n<p><strong>Roberto<\/strong>:\u00a0 Dia 31 de julho, mas, antes de voltar, conhecerei o Rio de Janeiro e a Argentina.<\/p>\n<p>Atualmente, a\u00a0Unicap conta com\u00a0cinco intercambistas:\u00a0um portugu\u00eas,\u00a0tr\u00eas mexicanos e\u00a0um ga\u00facho. Para saber mais sobre o Interc\u00e2mbio Estudantil da Cat\u00f3lica, acesse a p\u00e1gina <a href=\"https:\/\/www1.unicap.br\/assecom1\/www.unicap.br\/intercambio\" target=\"_blank\">www.unicap.br\/intercambio<\/a> ou ligue para o 2119.4298.<\/p>\n<p>&nbsp;<\/p>\n<p>&nbsp;<\/p>\n","protected":false},"excerpt":{"rendered":"<p>O mexicano Roberto Coppel Domingues, de 21 anos, nascido no munic\u00edpio de Mazatlan &#8211; Estado de Smaloa, est\u00e1 estudando na Universidade Cat\u00f3lica de Pernambuco\u00a0desde o in\u00edcio do ano letivo. Como a maioria dos intercambistas, est\u00e1 morando na casa de uma fam\u00edlia pernambucana. Roberto estuda Neg\u00f3cios Internacionais na Universidade Ibero-Americana na cidade de Guadalajara. Confira a [&hellip;]<\/p>\n","protected":false},"author":41,"featured_media":0,"comment_status":"open","ping_status":"open","sticky":false,"template":"","format":"standard","meta":[],"categories":[4],"tags":[],"jetpack-related-posts":[],"_links":{"self":[{"href":"https:\/\/www1.unicap.br\/assecom1\/wp-json\/wp\/v2\/posts\/31495"}],"collection":[{"href":"https:\/\/www1.unicap.br\/assecom1\/wp-json\/wp\/v2\/posts"}],"about":[{"href":"https:\/\/www1.unicap.br\/assecom1\/wp-json\/wp\/v2\/types\/post"}],"author":[{"embeddable":true,"href":"https:\/\/www1.unicap.br\/assecom1\/wp-json\/wp\/v2\/users\/41"}],"replies":[{"embeddable":true,"href":"https:\/\/www1.unicap.br\/assecom1\/wp-json\/wp\/v2\/comments?post=31495"}],"version-history":[{"count":5,"href":"https:\/\/www1.unicap.br\/assecom1\/wp-json\/wp\/v2\/posts\/31495\/revisions"}],"predecessor-version":[{"id":31541,"href":"https:\/\/www1.unicap.br\/assecom1\/wp-json\/wp\/v2\/posts\/31495\/revisions\/31541"}],"wp:attachment":[{"href":"https:\/\/www1.unicap.br\/assecom1\/wp-json\/wp\/v2\/media?parent=31495"}],"wp:term":[{"taxonomy":"category","embeddable":true,"href":"https:\/\/www1.unicap.br\/assecom1\/wp-json\/wp\/v2\/categories?post=31495"},{"taxonomy":"post_tag","embeddable":true,"href":"https:\/\/www1.unicap.br\/assecom1\/wp-json\/wp\/v2\/tags?post=31495"}],"curies":[{"name":"wp","href":"https:\/\/api.w.org\/{rel}","templated":true}]}}