{"id":31328,"date":"2012-06-05T22:39:53","date_gmt":"2012-06-05T22:39:53","guid":{"rendered":"http:\/\/www.unicap.br\/assecom1\/?p=31328"},"modified":"2012-06-05T22:39:53","modified_gmt":"2012-06-05T22:39:53","slug":"curso-de-publicidade-promove-o-8%c2%ba-pavilhao-sonoro","status":"publish","type":"post","link":"https:\/\/www1.unicap.br\/assecom1\/curso-de-publicidade-promove-o-8%c2%ba-pavilhao-sonoro\/","title":{"rendered":"Curso de Publicidade promove o 8\u00ba Pavilh\u00e3o Sonoro"},"content":{"rendered":"<figure id=\"attachment_31337\" aria-describedby=\"caption-attachment-31337\" style=\"width: 645px\" class=\"wp-caption aligncenter\"><a href=\"https:\/\/i0.wp.com\/www1.unicap.br\/assecom1\/wp-content\/uploads\/2012\/06\/DSC86881.jpg?ssl=1\"><img data-attachment-id=\"31337\" data-permalink=\"https:\/\/www1.unicap.br\/assecom1\/curso-de-publicidade-promove-o-8%c2%ba-pavilhao-sonoro\/_dsc86881\/\" data-orig-file=\"https:\/\/i0.wp.com\/www1.unicap.br\/assecom1\/wp-content\/uploads\/2012\/06\/DSC86881.jpg?fit=3839%2C2700&amp;ssl=1\" data-orig-size=\"3839,2700\" data-comments-opened=\"1\" data-image-meta=\"{&quot;aperture&quot;:&quot;8&quot;,&quot;credit&quot;:&quot;&quot;,&quot;camera&quot;:&quot;NIKON D90&quot;,&quot;caption&quot;:&quot;&quot;,&quot;created_timestamp&quot;:&quot;1338202755&quot;,&quot;copyright&quot;:&quot;&quot;,&quot;focal_length&quot;:&quot;21&quot;,&quot;iso&quot;:&quot;800&quot;,&quot;shutter_speed&quot;:&quot;0.05&quot;,&quot;title&quot;:&quot;&quot;}\" data-image-title=\"_DSC86881\" data-image-description=\"\" data-medium-file=\"https:\/\/i0.wp.com\/www1.unicap.br\/assecom1\/wp-content\/uploads\/2012\/06\/DSC86881.jpg?fit=300%2C210&amp;ssl=1\" data-large-file=\"https:\/\/i0.wp.com\/www1.unicap.br\/assecom1\/wp-content\/uploads\/2012\/06\/DSC86881.jpg?fit=640%2C450&amp;ssl=1\" loading=\"lazy\" class=\"size-large wp-image-31337\" title=\"_DSC86881\" src=\"https:\/\/i0.wp.com\/www1.unicap.br\/assecom1\/wp-content\/uploads\/2012\/06\/DSC86881.jpg?resize=640%2C449&#038;ssl=1\" alt=\"\" srcset=\"https:\/\/i0.wp.com\/www1.unicap.br\/assecom1\/wp-content\/uploads\/2012\/06\/DSC86881.jpg?resize=1024%2C720&amp;ssl=1 1024w, https:\/\/i0.wp.com\/www1.unicap.br\/assecom1\/wp-content\/uploads\/2012\/06\/DSC86881.jpg?resize=300%2C210&amp;ssl=1 300w, https:\/\/i0.wp.com\/www1.unicap.br\/assecom1\/wp-content\/uploads\/2012\/06\/DSC86881.jpg?resize=250%2C175&amp;ssl=1 250w, https:\/\/i0.wp.com\/www1.unicap.br\/assecom1\/wp-content\/uploads\/2012\/06\/DSC86881.jpg?w=1280&amp;ssl=1 1280w, https:\/\/i0.wp.com\/www1.unicap.br\/assecom1\/wp-content\/uploads\/2012\/06\/DSC86881.jpg?w=1920&amp;ssl=1 1920w\" sizes=\"(max-width: 640px) 100vw, 640px\" data-recalc-dims=\"1\" \/><\/a><figcaption id=\"caption-attachment-31337\" class=\"wp-caption-text\">Foto: Carolina Nogueira<\/figcaption><\/figure>\n<p>O curso de Publicidade e Propaganda da Universidade Cat\u00f3lica de Pernambuco promoveu, no dia 29 de maio, o 8\u00ba Pavilh\u00e3o Sonoro,\u00a0evento que foi realizado na sala 510 do bloco A, \u00e0s 11 h. O pavilh\u00e3o foi organizado pela professora Elisa Barreto, da disciplina Audiovisual 1.<\/p>\n<figure id=\"attachment_31338\" aria-describedby=\"caption-attachment-31338\" style=\"width: 300px\" class=\"wp-caption alignleft\"><a href=\"https:\/\/i1.wp.com\/www1.unicap.br\/assecom1\/wp-content\/uploads\/2012\/06\/DSC87131.jpg?ssl=1\"><img data-attachment-id=\"31338\" data-permalink=\"https:\/\/www1.unicap.br\/assecom1\/curso-de-publicidade-promove-o-8%c2%ba-pavilhao-sonoro\/_dsc87131\/\" data-orig-file=\"https:\/\/i1.wp.com\/www1.unicap.br\/assecom1\/wp-content\/uploads\/2012\/06\/DSC87131.jpg?fit=4288%2C2848&amp;ssl=1\" data-orig-size=\"4288,2848\" data-comments-opened=\"1\" data-image-meta=\"{&quot;aperture&quot;:&quot;6.3&quot;,&quot;credit&quot;:&quot;&quot;,&quot;camera&quot;:&quot;NIKON D90&quot;,&quot;caption&quot;:&quot;&quot;,&quot;created_timestamp&quot;:&quot;1338208025&quot;,&quot;copyright&quot;:&quot;&quot;,&quot;focal_length&quot;:&quot;26&quot;,&quot;iso&quot;:&quot;800&quot;,&quot;shutter_speed&quot;:&quot;0.04&quot;,&quot;title&quot;:&quot;&quot;}\" data-image-title=\"_DSC87131\" data-image-description=\"\" data-medium-file=\"https:\/\/i1.wp.com\/www1.unicap.br\/assecom1\/wp-content\/uploads\/2012\/06\/DSC87131.jpg?fit=300%2C199&amp;ssl=1\" data-large-file=\"https:\/\/i1.wp.com\/www1.unicap.br\/assecom1\/wp-content\/uploads\/2012\/06\/DSC87131.jpg?fit=640%2C425&amp;ssl=1\" loading=\"lazy\" class=\"size-medium wp-image-31338\" title=\"_DSC87131\" src=\"https:\/\/i1.wp.com\/www1.unicap.br\/assecom1\/wp-content\/uploads\/2012\/06\/DSC87131.jpg?resize=300%2C199&#038;ssl=1\" alt=\"\" srcset=\"https:\/\/i1.wp.com\/www1.unicap.br\/assecom1\/wp-content\/uploads\/2012\/06\/DSC87131.jpg?resize=300%2C199&amp;ssl=1 300w, https:\/\/i1.wp.com\/www1.unicap.br\/assecom1\/wp-content\/uploads\/2012\/06\/DSC87131.jpg?resize=1024%2C680&amp;ssl=1 1024w, https:\/\/i1.wp.com\/www1.unicap.br\/assecom1\/wp-content\/uploads\/2012\/06\/DSC87131.jpg?resize=250%2C166&amp;ssl=1 250w, https:\/\/i1.wp.com\/www1.unicap.br\/assecom1\/wp-content\/uploads\/2012\/06\/DSC87131.jpg?w=1280&amp;ssl=1 1280w, https:\/\/i1.wp.com\/www1.unicap.br\/assecom1\/wp-content\/uploads\/2012\/06\/DSC87131.jpg?w=1920&amp;ssl=1 1920w\" sizes=\"(max-width: 300px) 100vw, 300px\" data-recalc-dims=\"1\" \/><\/a><figcaption id=\"caption-attachment-31338\" class=\"wp-caption-text\">Grupo vencedor da categoria jingles<\/figcaption><\/figure>\n<p>Durante o evento, os alunos do 5\u00ba per\u00edodo\u00a0apresentaram jingles e spots para serem veiculados no r\u00e1dio. Ao todo, foram exibidos 32 trabalhos, produzidos durante todo o semestre\u00a0como parte das avalia\u00e7\u00f5es do 1\u00ba GQ e 2\u00ba GQ. Para a professora, o intuito do encontro \u00e9 &#8220;fazer com\u00a0 que os alunos apliquem na pr\u00e1tica o que aprenderam na sala de aula&#8221;. No 1\u00ba GQ,\u00a0 os estudantes\u00a0 produziram os textos do jingles e o 2\u00ba GQ\u00a0 foi dedicado exclusivamete \u00e0 produ\u00e7\u00e3o e\u00a0\u00e0 grava\u00e7\u00e3o dos trabalhos.<\/p>\n<p>Todos os\u00a0 jingles e spots foram pr\u00e9-julgados pelos professores do curso e, em seguida, julgados por uma banca de jurados, composta por ex-alunos da Unicap que atuam na \u00e1rea. \u201cDecidimos convidar ex-alunos nossos e que est\u00e3o atuando no mercado, como uma forma de incentivo aos que ainda est\u00e3o na academia, para provar a eles que o trabalho realizado hoje pode colher frutos no futuro profissional\u201d,\u00a0frisou a professora\u00a0Elisa. Compondo a mesa estavam Michele Doherty, diretora executiva da Melhor Comunica\u00e7\u00e3o; o jornalista Sergio Castel\u00e3o, dono da produtora Oficina de Imagens; e Lucas Emanuel, diretor-criativo da empresa Curinga Comuniqu\u00ea.<\/p>\n<p>&nbsp;<\/p>\n","protected":false},"excerpt":{"rendered":"<p>O curso de Publicidade e Propaganda da Universidade Cat\u00f3lica de Pernambuco promoveu, no dia 29 de maio, o 8\u00ba Pavilh\u00e3o Sonoro,\u00a0evento que foi realizado na sala 510 do bloco A, \u00e0s 11 h. O pavilh\u00e3o foi organizado pela professora Elisa Barreto, da disciplina Audiovisual 1. Durante o evento, os alunos do 5\u00ba per\u00edodo\u00a0apresentaram jingles e [&hellip;]<\/p>\n","protected":false},"author":41,"featured_media":0,"comment_status":"open","ping_status":"open","sticky":false,"template":"","format":"standard","meta":[],"categories":[4],"tags":[],"jetpack-related-posts":[],"_links":{"self":[{"href":"https:\/\/www1.unicap.br\/assecom1\/wp-json\/wp\/v2\/posts\/31328"}],"collection":[{"href":"https:\/\/www1.unicap.br\/assecom1\/wp-json\/wp\/v2\/posts"}],"about":[{"href":"https:\/\/www1.unicap.br\/assecom1\/wp-json\/wp\/v2\/types\/post"}],"author":[{"embeddable":true,"href":"https:\/\/www1.unicap.br\/assecom1\/wp-json\/wp\/v2\/users\/41"}],"replies":[{"embeddable":true,"href":"https:\/\/www1.unicap.br\/assecom1\/wp-json\/wp\/v2\/comments?post=31328"}],"version-history":[{"count":3,"href":"https:\/\/www1.unicap.br\/assecom1\/wp-json\/wp\/v2\/posts\/31328\/revisions"}],"predecessor-version":[{"id":31388,"href":"https:\/\/www1.unicap.br\/assecom1\/wp-json\/wp\/v2\/posts\/31328\/revisions\/31388"}],"wp:attachment":[{"href":"https:\/\/www1.unicap.br\/assecom1\/wp-json\/wp\/v2\/media?parent=31328"}],"wp:term":[{"taxonomy":"category","embeddable":true,"href":"https:\/\/www1.unicap.br\/assecom1\/wp-json\/wp\/v2\/categories?post=31328"},{"taxonomy":"post_tag","embeddable":true,"href":"https:\/\/www1.unicap.br\/assecom1\/wp-json\/wp\/v2\/tags?post=31328"}],"curies":[{"name":"wp","href":"https:\/\/api.w.org\/{rel}","templated":true}]}}