{"id":31279,"date":"2012-06-02T04:05:14","date_gmt":"2012-06-02T04:05:14","guid":{"rendered":"http:\/\/www.unicap.br\/assecom1\/?p=31279"},"modified":"2012-06-04T17:43:26","modified_gmt":"2012-06-04T17:43:26","slug":"reitor-da-catolica-participa-da-cerimonia-de-posse-da-comissao-estadual-da-memoria-e-verdade-dom-helder-camara","status":"publish","type":"post","link":"https:\/\/www1.unicap.br\/assecom1\/reitor-da-catolica-participa-da-cerimonia-de-posse-da-comissao-estadual-da-memoria-e-verdade-dom-helder-camara\/","title":{"rendered":"Reitor da Cat\u00f3lica participa da cerim\u00f4nia de posse da Comiss\u00e3o Estadual da Mem\u00f3ria e Verdade Dom Helder Camara"},"content":{"rendered":"<p>O governador do estado, Eduardo Campos, recebeu, na tarde dessa sexta-feira (01), autoridades pol\u00edticas, institucionais e ex-presos pol\u00edticos para a cerim\u00f4nia de posse da Comiss\u00e3o Estadual da Mem\u00f3ria e Verdade Dom Helder Camara. Dentre os convidados, estavam o Reitor da Cat\u00f3lica, Padre Pedro Rubens, e o ex-secret\u00e1rio da Justi\u00e7a de Pernambuco, Rodrigo Pelegrino.<\/p>\n<figure id=\"attachment_31312\" aria-describedby=\"caption-attachment-31312\" style=\"width: 225px\" class=\"wp-caption alignleft\"><a href=\"https:\/\/i1.wp.com\/www1.unicap.br\/assecom1\/wp-content\/uploads\/2012\/06\/SDC10506.jpg?ssl=1\"><img data-attachment-id=\"31312\" data-permalink=\"https:\/\/www1.unicap.br\/assecom1\/reitor-da-catolica-participa-da-cerimonia-de-posse-da-comissao-estadual-da-memoria-e-verdade-dom-helder-camara\/attachment\/31312\/\" data-orig-file=\"https:\/\/i1.wp.com\/www1.unicap.br\/assecom1\/wp-content\/uploads\/2012\/06\/SDC10506.jpg?fit=1944%2C2592&amp;ssl=1\" data-orig-size=\"1944,2592\" data-comments-opened=\"1\" data-image-meta=\"{&quot;aperture&quot;:&quot;4&quot;,&quot;credit&quot;:&quot;&quot;,&quot;camera&quot;:&quot;&lt;KENOX S860  \\\/ Samsung S860&gt;&quot;,&quot;caption&quot;:&quot;&quot;,&quot;created_timestamp&quot;:&quot;1301439420&quot;,&quot;copyright&quot;:&quot;COPYRIGHT, 2007&quot;,&quot;focal_length&quot;:&quot;13.5&quot;,&quot;iso&quot;:&quot;100&quot;,&quot;shutter_speed&quot;:&quot;0.008&quot;,&quot;title&quot;:&quot;&lt;KENOX S860  \\\/ Samsung S860&gt;&quot;}\" data-image-title=\"Pery\" data-image-description=\"\" data-medium-file=\"https:\/\/i1.wp.com\/www1.unicap.br\/assecom1\/wp-content\/uploads\/2012\/06\/SDC10506.jpg?fit=225%2C300&amp;ssl=1\" data-large-file=\"https:\/\/i1.wp.com\/www1.unicap.br\/assecom1\/wp-content\/uploads\/2012\/06\/SDC10506.jpg?fit=640%2C853&amp;ssl=1\" loading=\"lazy\" class=\"size-medium wp-image-31312\" src=\"https:\/\/i1.wp.com\/www1.unicap.br\/assecom1\/wp-content\/uploads\/2012\/06\/SDC10506.jpg?resize=225%2C300&#038;ssl=1\" alt=\"\" srcset=\"https:\/\/i1.wp.com\/www1.unicap.br\/assecom1\/wp-content\/uploads\/2012\/06\/SDC10506.jpg?resize=225%2C300&amp;ssl=1 225w, https:\/\/i1.wp.com\/www1.unicap.br\/assecom1\/wp-content\/uploads\/2012\/06\/SDC10506.jpg?resize=768%2C1024&amp;ssl=1 768w, https:\/\/i1.wp.com\/www1.unicap.br\/assecom1\/wp-content\/uploads\/2012\/06\/SDC10506.jpg?resize=250%2C333&amp;ssl=1 250w, https:\/\/i1.wp.com\/www1.unicap.br\/assecom1\/wp-content\/uploads\/2012\/06\/SDC10506.jpg?w=1944&amp;ssl=1 1944w, https:\/\/i1.wp.com\/www1.unicap.br\/assecom1\/wp-content\/uploads\/2012\/06\/SDC10506.jpg?w=1280&amp;ssl=1 1280w\" sizes=\"(max-width: 225px) 100vw, 225px\" data-recalc-dims=\"1\" \/><\/a><figcaption id=\"caption-attachment-31312\" class=\"wp-caption-text\">Ex-preso pol\u00edtico, Pery Thadeu acompanhou a cerim\u00f4nia<\/figcaption><\/figure>\n<p>No jardim do Pal\u00e1cio do Governo, Pery Thadeu, 67, aguardava o que seria o in\u00edcio de uma etapa de cobran\u00e7a por justi\u00e7a. Ap\u00f3s ser jogado a uma situa\u00e7\u00e3o de vida clandestina, o ex-preso pol\u00edtico lembrou de sua pris\u00e3o e das torturas as quais foi submetido durante o per\u00edodo da Ditadura Militar (1964-1985).<\/p>\n<p>&#8220;Fui preso pol\u00edtico por tr\u00eas anos e meio. Eu era vice-presidente da Uni\u00e3o Nacional dos Estudantes (UNE) e acabei sendo acusado de pertencer \u00e0 Organiza\u00e7\u00e3o Revolucion\u00e1ria Marxista Pol\u00edtico-oper\u00e1ria. Esse epis\u00f3dio me marcou de uma forma significativa, foi um grande rompimento&#8221;, explicou Pery, referindo-se aos momentos que viveu aos 24 anos, quando estava prestes a terminar o curso de Engenharia.<\/p>\n<p>Conceituada por ele como uma grande experi\u00eancia de vida, as afli\u00e7\u00f5es t\u00edpicas dos anos de chumbo foram traduzidas em poucas palavras &#8212; e muitos ensinamentos. &#8220;Aprendi a passar por certas dificuldades. Em nenhum momento eu tive \u00f3dio ou raiva de meus torturadores, apesar de ter a consci\u00eancia pol\u00edtica de que eles v\u00e3o ser julgados pelos crimes que cometeram&#8221;, concluiu.<\/p>\n<p>Com a chegada do governador ao jardim, subiram ao palco o vice-governador Jo\u00e3o Lyra Neto; o senador peemedebista Jarbas Vasconcelos; a ministra do Tribunal de Contas da Uni\u00e3o (TCU), Ana Arraes; o desembargador Jones Figueiredo Alves; o arcebispo da Arquidiocese de Olinda e Recife, Dom Fernando Saburido; a deputada federal e presidente da Comiss\u00e3o, Luiza Erundina; a secret\u00e1ria de Desenvolvimento Social e Direitos Humanos, Laura Gomes; o jurista Jos\u00e9 Paulo Cavalcanti; o ex-ministro da Justi\u00e7a, Fernando Lyra; Elzita Santa Cruz, representante das fam\u00edlias dos ex-presos pol\u00edticos.<\/p>\n<p>Assinaram o livro de posse o governador do estado de Pernambuco, Eduardo Campos; o advogado e presidente da\u00a0Ordem dos Advogados do Brasil (OAB), Henrique Neves Mariano; o advogado Humberto Vieira de Melo; o ex-secret\u00e1rio estadual Roberto Franca Filho; o mestre em Ci\u00eancia Pol\u00edtica Manoel Severino Morais; a historiadora Maria do Socorro Barbosa; a antiga vice-presidente do Comit\u00ea Brasileiro de Anistia, Nadja Maria Miranda; o advogado Gilberto Marques de Melo; o integrante da Comiss\u00e3o de Justi\u00e7a e Paz da Arquidiocese de Olinda e Recife, Pedro Eurico de Barros e Silva; e o coordenador executivo da Comiss\u00e3o e ex-presidente da OAB, Fernando de Vasconcellos Coelho.<\/p>\n<p>O Hino de Pernambuco ficou a cargo do violinista da Orquestra do Conservat\u00f3rio Pernambucano de M\u00fasica, Daniel Lima, que logo cedeu espa\u00e7o para que o governador sancionasse a Lei 14688\/1\u00ba de junho de 2012. Estando criada a Comiss\u00e3o, a deputada federal Luiza Erundina (PSB) transmitiu os anseios daqueles que hoje buscam respostas para o desaparecimento e as pris\u00f5es de entes queridos.\u00a0 &#8220;Mais que verdade: queremos justi\u00e7a. Temos que n\u00e3o s\u00f3 buscar os fatos, mas mand\u00e1-los para o Poder Judici\u00e1rio, que deve punir os criminosos. O Poder Legislativo tamb\u00e9m tem a obriga\u00e7\u00e3o de trabalhar e contribuir para esse avan\u00e7o. A democracia estar\u00e1 inacabada at\u00e9 que se chegue \u00e0 verdade sobre os crimes cometidos durante a ditadura militar&#8221;, afirmou. Por sua vez, o advogado Jos\u00e9 Paulo Cavalcanti reiterou: &#8220;A comiss\u00e3o est\u00e1 \u00e0 altura de reescrever a hist\u00f3ria de Pernambuco&#8221;.<\/p>\n<p>Elzita Santa Cruz sentiu em 1974 a dor da aus\u00eancia. M\u00e3e do desaparecido Fernando Santa Cruz, Elzita saudou o governador e representou as fam\u00edlias dos presos e torturados. &#8220;Hoje tenho 98 anos e continuo cobrando uma resposta definitiva do estado brasileiro: onde est\u00e1 meu filho?&#8221;, questionou. O governador Eduardo Campos conceituou atrav\u00e9s de Voltaire: &#8220;As verdades s\u00e3o frutos que s\u00f3 podem ser colhidos quando bem maduros&#8221;. E completou: &#8220;A busca por essa verdade n\u00e3o ser\u00e1 a procura da revanche. E sem a revanche, tamb\u00e9m n\u00e3o h\u00e1 medo&#8221;.<\/p>\n<p>&#8220;Seguindo a agenda, Pernambuco inicia o movimento das comiss\u00f5es estaduais. Trata-se de algo inadi\u00e1vel: n\u00e3o h\u00e1 uma consolida\u00e7\u00e3o da democracia sem que se refa\u00e7a essa hist\u00f3ria. Deve-se buscar uma resposta \u00e0s perguntas que foram levantadas&#8221;, observou o Reitor da Cat\u00f3lica, Padre Pedro Rubens.<\/p>\n","protected":false},"excerpt":{"rendered":"<p>O governador do estado, Eduardo Campos, recebeu, na tarde dessa sexta-feira (01), autoridades pol\u00edticas, institucionais e ex-presos pol\u00edticos para a cerim\u00f4nia de posse da Comiss\u00e3o Estadual da Mem\u00f3ria e Verdade Dom Helder Camara. Dentre os convidados, estavam o Reitor da Cat\u00f3lica, Padre Pedro Rubens, e o ex-secret\u00e1rio da Justi\u00e7a de Pernambuco, Rodrigo Pelegrino. No jardim [&hellip;]<\/p>\n","protected":false},"author":42,"featured_media":0,"comment_status":"open","ping_status":"open","sticky":false,"template":"","format":"standard","meta":[],"categories":[4],"tags":[],"jetpack-related-posts":[],"_links":{"self":[{"href":"https:\/\/www1.unicap.br\/assecom1\/wp-json\/wp\/v2\/posts\/31279"}],"collection":[{"href":"https:\/\/www1.unicap.br\/assecom1\/wp-json\/wp\/v2\/posts"}],"about":[{"href":"https:\/\/www1.unicap.br\/assecom1\/wp-json\/wp\/v2\/types\/post"}],"author":[{"embeddable":true,"href":"https:\/\/www1.unicap.br\/assecom1\/wp-json\/wp\/v2\/users\/42"}],"replies":[{"embeddable":true,"href":"https:\/\/www1.unicap.br\/assecom1\/wp-json\/wp\/v2\/comments?post=31279"}],"version-history":[{"count":9,"href":"https:\/\/www1.unicap.br\/assecom1\/wp-json\/wp\/v2\/posts\/31279\/revisions"}],"predecessor-version":[{"id":31313,"href":"https:\/\/www1.unicap.br\/assecom1\/wp-json\/wp\/v2\/posts\/31279\/revisions\/31313"}],"wp:attachment":[{"href":"https:\/\/www1.unicap.br\/assecom1\/wp-json\/wp\/v2\/media?parent=31279"}],"wp:term":[{"taxonomy":"category","embeddable":true,"href":"https:\/\/www1.unicap.br\/assecom1\/wp-json\/wp\/v2\/categories?post=31279"},{"taxonomy":"post_tag","embeddable":true,"href":"https:\/\/www1.unicap.br\/assecom1\/wp-json\/wp\/v2\/tags?post=31279"}],"curies":[{"name":"wp","href":"https:\/\/api.w.org\/{rel}","templated":true}]}}