{"id":31144,"date":"2012-05-29T22:24:10","date_gmt":"2012-05-29T22:24:10","guid":{"rendered":"http:\/\/www.unicap.br\/assecom1\/?p=31144"},"modified":"2012-05-29T23:35:17","modified_gmt":"2012-05-29T23:35:17","slug":"humanitas-realizara-palestra-sobre-educacao-e-direitos-humanos","status":"publish","type":"post","link":"https:\/\/www1.unicap.br\/assecom1\/humanitas-realizara-palestra-sobre-educacao-e-direitos-humanos\/","title":{"rendered":"Instituto Humanitas promover\u00e1 palestra sobre educa\u00e7\u00e3o e direitos humanos"},"content":{"rendered":"<p>O Instituto Humanitas realizar\u00e1 no dia 31 de maio uma palestra com a Prof\u00aa Dr\u00aa Vera Candau, da PUC-Rio\u00a0sobre a Did\u00e1tica na Pespectiva da Organiza\u00e7\u00e3o do Trabalho Pedag\u00f3gico em Educa\u00e7\u00e3o e Direitos Humanos. O encontro ser\u00e1 no audit\u00f3rio G1, no 1\u00ba andar do bloco G, \u00e0s 15h.<\/p>\n<p style=\"text-align: center;\"><a href=\"https:\/\/i2.wp.com\/www1.unicap.br\/assecom1\/wp-content\/uploads\/2012\/05\/Cartaz-did\u00e1tica1.jpg?ssl=1\"><img data-attachment-id=\"31161\" data-permalink=\"https:\/\/www1.unicap.br\/assecom1\/humanitas-realizara-palestra-sobre-educacao-e-direitos-humanos\/cartaz-didatica-2\/\" data-orig-file=\"https:\/\/i2.wp.com\/www1.unicap.br\/assecom1\/wp-content\/uploads\/2012\/05\/Cartaz-did\u00e1tica1.jpg?fit=2344%2C3413&amp;ssl=1\" data-orig-size=\"2344,3413\" data-comments-opened=\"1\" data-image-meta=\"{&quot;aperture&quot;:&quot;0&quot;,&quot;credit&quot;:&quot;&quot;,&quot;camera&quot;:&quot;&quot;,&quot;caption&quot;:&quot;&quot;,&quot;created_timestamp&quot;:&quot;0&quot;,&quot;copyright&quot;:&quot;&quot;,&quot;focal_length&quot;:&quot;0&quot;,&quot;iso&quot;:&quot;0&quot;,&quot;shutter_speed&quot;:&quot;0&quot;,&quot;title&quot;:&quot;&quot;}\" data-image-title=\"Cartaz &#8211; did\u00e1tica\" data-image-description=\"\" data-medium-file=\"https:\/\/i2.wp.com\/www1.unicap.br\/assecom1\/wp-content\/uploads\/2012\/05\/Cartaz-did\u00e1tica1.jpg?fit=206%2C300&amp;ssl=1\" data-large-file=\"https:\/\/i2.wp.com\/www1.unicap.br\/assecom1\/wp-content\/uploads\/2012\/05\/Cartaz-did\u00e1tica1.jpg?fit=640%2C932&amp;ssl=1\" loading=\"lazy\" class=\"aligncenter size-large wp-image-31161\" title=\"Cartaz - did\u00e1tica\" src=\"https:\/\/i2.wp.com\/www1.unicap.br\/assecom1\/wp-content\/uploads\/2012\/05\/Cartaz-did\u00e1tica1.jpg?resize=387%2C563&#038;ssl=1\" alt=\"\" srcset=\"https:\/\/i2.wp.com\/www1.unicap.br\/assecom1\/wp-content\/uploads\/2012\/05\/Cartaz-did\u00e1tica1.jpg?resize=703%2C1024&amp;ssl=1 703w, https:\/\/i2.wp.com\/www1.unicap.br\/assecom1\/wp-content\/uploads\/2012\/05\/Cartaz-did\u00e1tica1.jpg?resize=206%2C300&amp;ssl=1 206w, https:\/\/i2.wp.com\/www1.unicap.br\/assecom1\/wp-content\/uploads\/2012\/05\/Cartaz-did\u00e1tica1.jpg?resize=250%2C364&amp;ssl=1 250w, https:\/\/i2.wp.com\/www1.unicap.br\/assecom1\/wp-content\/uploads\/2012\/05\/Cartaz-did\u00e1tica1.jpg?w=1280&amp;ssl=1 1280w, https:\/\/i2.wp.com\/www1.unicap.br\/assecom1\/wp-content\/uploads\/2012\/05\/Cartaz-did\u00e1tica1.jpg?w=1920&amp;ssl=1 1920w\" sizes=\"(max-width: 387px) 100vw, 387px\" data-recalc-dims=\"1\" \/><\/a><\/p>\n<p>&nbsp;<\/p>\n","protected":false},"excerpt":{"rendered":"<p>O Instituto Humanitas realizar\u00e1 no dia 31 de maio uma palestra com a Prof\u00aa Dr\u00aa Vera Candau, da PUC-Rio\u00a0sobre a Did\u00e1tica na Pespectiva da Organiza\u00e7\u00e3o do Trabalho Pedag\u00f3gico em Educa\u00e7\u00e3o e Direitos Humanos. O encontro ser\u00e1 no audit\u00f3rio G1, no 1\u00ba andar do bloco G, \u00e0s 15h. &nbsp;<\/p>\n","protected":false},"author":41,"featured_media":0,"comment_status":"open","ping_status":"open","sticky":false,"template":"","format":"standard","meta":[],"categories":[4],"tags":[],"jetpack-related-posts":[],"_links":{"self":[{"href":"https:\/\/www1.unicap.br\/assecom1\/wp-json\/wp\/v2\/posts\/31144"}],"collection":[{"href":"https:\/\/www1.unicap.br\/assecom1\/wp-json\/wp\/v2\/posts"}],"about":[{"href":"https:\/\/www1.unicap.br\/assecom1\/wp-json\/wp\/v2\/types\/post"}],"author":[{"embeddable":true,"href":"https:\/\/www1.unicap.br\/assecom1\/wp-json\/wp\/v2\/users\/41"}],"replies":[{"embeddable":true,"href":"https:\/\/www1.unicap.br\/assecom1\/wp-json\/wp\/v2\/comments?post=31144"}],"version-history":[{"count":5,"href":"https:\/\/www1.unicap.br\/assecom1\/wp-json\/wp\/v2\/posts\/31144\/revisions"}],"predecessor-version":[{"id":31163,"href":"https:\/\/www1.unicap.br\/assecom1\/wp-json\/wp\/v2\/posts\/31144\/revisions\/31163"}],"wp:attachment":[{"href":"https:\/\/www1.unicap.br\/assecom1\/wp-json\/wp\/v2\/media?parent=31144"}],"wp:term":[{"taxonomy":"category","embeddable":true,"href":"https:\/\/www1.unicap.br\/assecom1\/wp-json\/wp\/v2\/categories?post=31144"},{"taxonomy":"post_tag","embeddable":true,"href":"https:\/\/www1.unicap.br\/assecom1\/wp-json\/wp\/v2\/tags?post=31144"}],"curies":[{"name":"wp","href":"https:\/\/api.w.org\/{rel}","templated":true}]}}