{"id":30662,"date":"2012-05-16T01:00:03","date_gmt":"2012-05-16T01:00:03","guid":{"rendered":"http:\/\/www.unicap.br\/assecom1\/?p=30662"},"modified":"2012-05-16T01:00:03","modified_gmt":"2012-05-16T01:00:03","slug":"sao-joao-da-catolica-sera-no-dia-15-de-junho","status":"publish","type":"post","link":"https:\/\/www1.unicap.br\/assecom1\/sao-joao-da-catolica-sera-no-dia-15-de-junho\/","title":{"rendered":"S\u00e3o Jo\u00e3o da Cat\u00f3lica ser\u00e1 no dia 15 de junho"},"content":{"rendered":"<p>A festa de S\u00e3o Jo\u00e3o da Universidade Cat\u00f3lica de Pernambuco vai ser realizada no dia 15 de junho, na quadra coberta do estacionamento dos alunos. O arrasta-p\u00e9 ter\u00e1 in\u00edcio \u00e0s 21h e ser\u00e1 animado pela Banda Forr\u00f3 Cul\u00e9 de X\u00e1. Os ingressos j\u00e1 est\u00e3o \u00e0 venda na Fasa, na Assessoria de Cultura e na Pr\u00f3-reitoria Comunit\u00e1ria.\u00a0A senha individual\u00a0custa R$ 10 e a mesa, R$ 40. A melhor caracteriza\u00e7\u00e3o matuta vai ganhar um tablet Android.<\/p>\n","protected":false},"excerpt":{"rendered":"<p>A festa de S\u00e3o Jo\u00e3o da Universidade Cat\u00f3lica de Pernambuco vai ser realizada no dia 15 de junho, na quadra coberta do estacionamento dos alunos. O arrasta-p\u00e9 ter\u00e1 in\u00edcio \u00e0s 21h e ser\u00e1 animado pela Banda Forr\u00f3 Cul\u00e9 de X\u00e1. Os ingressos j\u00e1 est\u00e3o \u00e0 venda na Fasa, na Assessoria de Cultura e na Pr\u00f3-reitoria [&hellip;]<\/p>\n","protected":false},"author":2,"featured_media":0,"comment_status":"open","ping_status":"open","sticky":false,"template":"","format":"standard","meta":[],"categories":[4],"tags":[],"jetpack-related-posts":[],"_links":{"self":[{"href":"https:\/\/www1.unicap.br\/assecom1\/wp-json\/wp\/v2\/posts\/30662"}],"collection":[{"href":"https:\/\/www1.unicap.br\/assecom1\/wp-json\/wp\/v2\/posts"}],"about":[{"href":"https:\/\/www1.unicap.br\/assecom1\/wp-json\/wp\/v2\/types\/post"}],"author":[{"embeddable":true,"href":"https:\/\/www1.unicap.br\/assecom1\/wp-json\/wp\/v2\/users\/2"}],"replies":[{"embeddable":true,"href":"https:\/\/www1.unicap.br\/assecom1\/wp-json\/wp\/v2\/comments?post=30662"}],"version-history":[{"count":2,"href":"https:\/\/www1.unicap.br\/assecom1\/wp-json\/wp\/v2\/posts\/30662\/revisions"}],"predecessor-version":[{"id":30664,"href":"https:\/\/www1.unicap.br\/assecom1\/wp-json\/wp\/v2\/posts\/30662\/revisions\/30664"}],"wp:attachment":[{"href":"https:\/\/www1.unicap.br\/assecom1\/wp-json\/wp\/v2\/media?parent=30662"}],"wp:term":[{"taxonomy":"category","embeddable":true,"href":"https:\/\/www1.unicap.br\/assecom1\/wp-json\/wp\/v2\/categories?post=30662"},{"taxonomy":"post_tag","embeddable":true,"href":"https:\/\/www1.unicap.br\/assecom1\/wp-json\/wp\/v2\/tags?post=30662"}],"curies":[{"name":"wp","href":"https:\/\/api.w.org\/{rel}","templated":true}]}}