{"id":30534,"date":"2012-05-15T23:40:36","date_gmt":"2012-05-15T23:40:36","guid":{"rendered":"http:\/\/www.unicap.br\/assecom1\/?p=30534"},"modified":"2012-05-15T23:40:36","modified_gmt":"2012-05-15T23:40:36","slug":"reitor-e-pro-reitores-da-catolica-participam-da-solenidade-de-posse-da-reitora-da-ufrpe","status":"publish","type":"post","link":"https:\/\/www1.unicap.br\/assecom1\/reitor-e-pro-reitores-da-catolica-participam-da-solenidade-de-posse-da-reitora-da-ufrpe\/","title":{"rendered":"Reitor e Pr\u00f3-reitores da Cat\u00f3lica participam da solenidade de posse da Reitora da UFRPE"},"content":{"rendered":"<figure id=\"attachment_30538\" aria-describedby=\"caption-attachment-30538\" style=\"width: 645px\" class=\"wp-caption aligncenter\"><a href=\"https:\/\/i0.wp.com\/www1.unicap.br\/assecom1\/wp-content\/uploads\/2012\/05\/SDC10378.jpg?ssl=1\"><img data-attachment-id=\"30538\" data-permalink=\"https:\/\/www1.unicap.br\/assecom1\/reitor-e-pro-reitores-da-catolica-participam-da-solenidade-de-posse-da-reitora-da-ufrpe\/attachment\/30538\/\" data-orig-file=\"https:\/\/i0.wp.com\/www1.unicap.br\/assecom1\/wp-content\/uploads\/2012\/05\/SDC10378.jpg?fit=2592%2C1944&amp;ssl=1\" data-orig-size=\"2592,1944\" data-comments-opened=\"1\" data-image-meta=\"{&quot;aperture&quot;:&quot;4&quot;,&quot;credit&quot;:&quot;&quot;,&quot;camera&quot;:&quot;&lt;KENOX S860  \\\/ Samsung S860&gt;&quot;,&quot;caption&quot;:&quot;&quot;,&quot;created_timestamp&quot;:&quot;1299882831&quot;,&quot;copyright&quot;:&quot;COPYRIGHT, 2007&quot;,&quot;focal_length&quot;:&quot;13.5&quot;,&quot;iso&quot;:&quot;240&quot;,&quot;shutter_speed&quot;:&quot;0.016666666666667&quot;,&quot;title&quot;:&quot;&lt;KENOX S860  \\\/ Samsung S860&gt;&quot;}\" data-image-title=\"Reitora e Vice-reitor\" data-image-description=\"\" data-medium-file=\"https:\/\/i0.wp.com\/www1.unicap.br\/assecom1\/wp-content\/uploads\/2012\/05\/SDC10378.jpg?fit=300%2C225&amp;ssl=1\" data-large-file=\"https:\/\/i0.wp.com\/www1.unicap.br\/assecom1\/wp-content\/uploads\/2012\/05\/SDC10378.jpg?fit=640%2C480&amp;ssl=1\" loading=\"lazy\" class=\"size-large wp-image-30538\" src=\"https:\/\/i0.wp.com\/www1.unicap.br\/assecom1\/wp-content\/uploads\/2012\/05\/SDC10378.jpg?resize=640%2C479&#038;ssl=1\" alt=\"\" srcset=\"https:\/\/i0.wp.com\/www1.unicap.br\/assecom1\/wp-content\/uploads\/2012\/05\/SDC10378.jpg?resize=1024%2C768&amp;ssl=1 1024w, https:\/\/i0.wp.com\/www1.unicap.br\/assecom1\/wp-content\/uploads\/2012\/05\/SDC10378.jpg?resize=300%2C225&amp;ssl=1 300w, https:\/\/i0.wp.com\/www1.unicap.br\/assecom1\/wp-content\/uploads\/2012\/05\/SDC10378.jpg?resize=250%2C187&amp;ssl=1 250w, https:\/\/i0.wp.com\/www1.unicap.br\/assecom1\/wp-content\/uploads\/2012\/05\/SDC10378.jpg?w=1280&amp;ssl=1 1280w, https:\/\/i0.wp.com\/www1.unicap.br\/assecom1\/wp-content\/uploads\/2012\/05\/SDC10378.jpg?w=1920&amp;ssl=1 1920w\" sizes=\"(max-width: 640px) 100vw, 640px\" data-recalc-dims=\"1\" \/><\/a><figcaption id=\"caption-attachment-30538\" class=\"wp-caption-text\">Pe. Pedro Rubens foi convidado para compor a mesa durante a solenidade que concedeu o t\u00edtulo de Reitora \u00e0 professora Maria Jos\u00e9 de Sena e de Vice-reitor ao professor Marcelo Brito Carneiro Le\u00e3o<\/figcaption><\/figure>\n<p>O Reitor da Universidade Cat\u00f3lica de Pernambuco, Padre Pedro Rubens, e os pr\u00f3-reitores Acad\u00eamico, Aline Grego, e Administrativo, Luciano Pinheiro, participaram na tarde\u00a0de segunda-feira (14) da sess\u00e3o solene de transmiss\u00e3o de cargo de Reitor da Universidade Federal Rural de Pernambuco (UFRPE). No sal\u00e3o nobre da UFRPE, um grande p\u00fablico presenciou a posse da professora Maria Jos\u00e9 de Sena como Reitora e do professor Marcelo Brito Carneiro Le\u00e3o como Vice-reitor, cargos que ser\u00e3o ocupados at\u00e9 2016.<\/p>\n<p>A mesa &#8212; presidida pelo ex-reitor da UFRPE Valmar Corr\u00eaa de Andrade &#8212; foi composta pelo vice-governador do estado de Pernambuco, Jo\u00e3o Lyra Neto, que representou o governador Eduardo Campos; o ex-senador e ex-vice-presidente da Rep\u00fablica Marco Maciel (DEM); o deputado estadual Luciano Siqueira, representando o poder legislativo; a desembargadora Margarida Cantarelli, representando o Tribunal Regional Federal (TRF) e a Academia Pernambucana de Letras; \u00a0o Reitor da Universidade Federal de Pernambuco (UFPE), An\u00edsio Brasileiro; a Reitora do Instituto Federal de Pernambuco (IFPE), Cl\u00e1udia da Silva Santos; o Reitor da Universidade de Pernambuco (UPE), Carlos Fernandes Ara\u00fajo Calado; o Reitor da Unicap, Padre Pedro Rubens; o coordenador do Sindicato dos Professores da UFRPE, C\u00edcero Monteiro de Souza, representando os\u00a0docentes; e, por fim, Ivson Carlos Barros Nunes, do Diret\u00f3rio Central dos Estudantes\u00a0(DCE) da UFRPE.<\/p>\n<p>&#8220;Estou terminando hoje\u00a017 anos de casamento&#8221;. Foi assim que Valmar Corr\u00eaa de Andrade iniciou seu discurso de despedida. Depois de\u00a0falar sobre\u00a0a contribui\u00e7\u00e3o que\u00a0deu \u00e0 UFRPE, o agora ex-reitor se viu homenageado pelo coral da Universidade, que, sob a reg\u00eancia da professora Evani Barbosa, cantou a can\u00e7\u00e3o &#8220;Le\u00e3o do Norte&#8221;, de Lenine.<\/p>\n<figure id=\"attachment_30540\" aria-describedby=\"caption-attachment-30540\" style=\"width: 225px\" class=\"wp-caption alignleft\"><a href=\"https:\/\/i0.wp.com\/www1.unicap.br\/assecom1\/wp-content\/uploads\/2012\/05\/SDC10397.jpg?ssl=1\"><img data-attachment-id=\"30540\" data-permalink=\"https:\/\/www1.unicap.br\/assecom1\/reitor-e-pro-reitores-da-catolica-participam-da-solenidade-de-posse-da-reitora-da-ufrpe\/attachment\/30540\/\" data-orig-file=\"https:\/\/i0.wp.com\/www1.unicap.br\/assecom1\/wp-content\/uploads\/2012\/05\/SDC10397.jpg?fit=1944%2C2592&amp;ssl=1\" data-orig-size=\"1944,2592\" data-comments-opened=\"1\" data-image-meta=\"{&quot;aperture&quot;:&quot;4.4&quot;,&quot;credit&quot;:&quot;&quot;,&quot;camera&quot;:&quot;&lt;KENOX S860  \\\/ Samsung S860&gt;&quot;,&quot;caption&quot;:&quot;&quot;,&quot;created_timestamp&quot;:&quot;1299884149&quot;,&quot;copyright&quot;:&quot;COPYRIGHT, 2007&quot;,&quot;focal_length&quot;:&quot;15.3&quot;,&quot;iso&quot;:&quot;240&quot;,&quot;shutter_speed&quot;:&quot;0.016666666666667&quot;,&quot;title&quot;:&quot;&lt;KENOX S860  \\\/ Samsung S860&gt;&quot;}\" data-image-title=\"Reitora\" data-image-description=\"\" data-medium-file=\"https:\/\/i0.wp.com\/www1.unicap.br\/assecom1\/wp-content\/uploads\/2012\/05\/SDC10397.jpg?fit=225%2C300&amp;ssl=1\" data-large-file=\"https:\/\/i0.wp.com\/www1.unicap.br\/assecom1\/wp-content\/uploads\/2012\/05\/SDC10397.jpg?fit=640%2C853&amp;ssl=1\" loading=\"lazy\" class=\"size-medium wp-image-30540\" src=\"https:\/\/i0.wp.com\/www1.unicap.br\/assecom1\/wp-content\/uploads\/2012\/05\/SDC10397.jpg?resize=225%2C300&#038;ssl=1\" alt=\"\" srcset=\"https:\/\/i0.wp.com\/www1.unicap.br\/assecom1\/wp-content\/uploads\/2012\/05\/SDC10397.jpg?resize=225%2C300&amp;ssl=1 225w, https:\/\/i0.wp.com\/www1.unicap.br\/assecom1\/wp-content\/uploads\/2012\/05\/SDC10397.jpg?resize=768%2C1024&amp;ssl=1 768w, https:\/\/i0.wp.com\/www1.unicap.br\/assecom1\/wp-content\/uploads\/2012\/05\/SDC10397.jpg?resize=250%2C333&amp;ssl=1 250w, https:\/\/i0.wp.com\/www1.unicap.br\/assecom1\/wp-content\/uploads\/2012\/05\/SDC10397.jpg?w=1944&amp;ssl=1 1944w, https:\/\/i0.wp.com\/www1.unicap.br\/assecom1\/wp-content\/uploads\/2012\/05\/SDC10397.jpg?w=1280&amp;ssl=1 1280w\" sizes=\"(max-width: 225px) 100vw, 225px\" data-recalc-dims=\"1\" \/><\/a><figcaption id=\"caption-attachment-30540\" class=\"wp-caption-text\">O ex-reitor da UFRPE passa o cargo \u00e0 professora Maria de Sena<\/figcaption><\/figure>\n<p>Ex-aluna da Licenciatura em Ci\u00eancias Biol\u00f3gicas\u00a0da Unicap, Maria Jos\u00e9 de Sena recebeu as <em>vestes talares<\/em>\u00a0e o <em>capelo<\/em>,\u00a0tradicional indument\u00e1ria europeia. Marcando o primeiro reitorado feminino em\u00a0100 anos de UFRPE, a professora foi homenageada pelo professor e violonista Henrique Annes com a m\u00fasica &#8220;Maria Maria&#8221;, de Milton Nascimento. As palavras ficaram a cargo da professora Juliene Barros: &#8220;Acuidade intelectual, sensibilidade humana e vis\u00e3o empreendedora a caracterizam. Estar \u00e0 frente da reitoria hoje parece um trabalho natural&#8221;, afirmou.<\/p>\n<p>A Universidade Federal Rural de Pernambuco agradeceu a presen\u00e7a dos Pr\u00f3-reitores da Cat\u00f3lica, Aline Grego e Luciano Pinheiro, al\u00e9m de saudar demais personalidades convidadas. O Vice-reitor da UFRPE, Marcelo Brito Carneiro Le\u00e3o, completou: &#8220;Sa\u00fado nosso ex-reitor Valmar Corr\u00eaa e nossa magn\u00edfica Reitora,\u00a0Maria Jos\u00e9 de Sena, que escreve pela primeira vez na hist\u00f3ria desta universidade a mulher brasileira \u00e0 frente da reitoria. Tenham a certeza que n\u00e3o faltar\u00e3o esfor\u00e7os e dedica\u00e7\u00e3o de nossa parte&#8221;.<\/p>\n<p>Finalizando a cerim\u00f4nia, a Reitora considerou: &#8220;O exerc\u00edcio democr\u00e1tico e os novos ares culturais me permitem hoje conduzir os rumos dessa universidade. Buscarei potencializar todas as sementes que aqui germinarem&#8221;. A respeito da transi\u00e7\u00e3o, o Reitor da Cat\u00f3lica, Padre Pedro Rubens, relatou: &#8220;Essa posse significa n\u00e3o apenas uma quest\u00e3o de g\u00eanero, mas tamb\u00e9m a prepara\u00e7\u00e3o que a mulher est\u00e1 tendo para ocupar determinadas posi\u00e7\u00f5es na sociedade, e a mentalidade democr\u00e1tica que pode existir quando se quer&#8221;.<\/p>\n<p>&#8220;H\u00e1 tamb\u00e9m uma import\u00e2ncia grande para o momento do estado em rela\u00e7\u00e3o \u00e0 integra\u00e7\u00e3o de campos, como o de Suape. A Universidade tem uma agenda abrangente, e \u00e9 importante percebermos de que forma a gente se completa, e de que maneira n\u00f3s vamos exercer parcerias entre as diferentes institui\u00e7\u00f5es&#8221;, finalizou Padre Pedro.<\/p>\n","protected":false},"excerpt":{"rendered":"<p>O Reitor da Universidade Cat\u00f3lica de Pernambuco, Padre Pedro Rubens, e os pr\u00f3-reitores Acad\u00eamico, Aline Grego, e Administrativo, Luciano Pinheiro, participaram na tarde\u00a0de segunda-feira (14) da sess\u00e3o solene de transmiss\u00e3o de cargo de Reitor da Universidade Federal Rural de Pernambuco (UFRPE). No sal\u00e3o nobre da UFRPE, um grande p\u00fablico presenciou a posse da professora Maria [&hellip;]<\/p>\n","protected":false},"author":42,"featured_media":0,"comment_status":"open","ping_status":"open","sticky":false,"template":"","format":"standard","meta":[],"categories":[4],"tags":[],"jetpack-related-posts":[],"_links":{"self":[{"href":"https:\/\/www1.unicap.br\/assecom1\/wp-json\/wp\/v2\/posts\/30534"}],"collection":[{"href":"https:\/\/www1.unicap.br\/assecom1\/wp-json\/wp\/v2\/posts"}],"about":[{"href":"https:\/\/www1.unicap.br\/assecom1\/wp-json\/wp\/v2\/types\/post"}],"author":[{"embeddable":true,"href":"https:\/\/www1.unicap.br\/assecom1\/wp-json\/wp\/v2\/users\/42"}],"replies":[{"embeddable":true,"href":"https:\/\/www1.unicap.br\/assecom1\/wp-json\/wp\/v2\/comments?post=30534"}],"version-history":[{"count":6,"href":"https:\/\/www1.unicap.br\/assecom1\/wp-json\/wp\/v2\/posts\/30534\/revisions"}],"predecessor-version":[{"id":30647,"href":"https:\/\/www1.unicap.br\/assecom1\/wp-json\/wp\/v2\/posts\/30534\/revisions\/30647"}],"wp:attachment":[{"href":"https:\/\/www1.unicap.br\/assecom1\/wp-json\/wp\/v2\/media?parent=30534"}],"wp:term":[{"taxonomy":"category","embeddable":true,"href":"https:\/\/www1.unicap.br\/assecom1\/wp-json\/wp\/v2\/categories?post=30534"},{"taxonomy":"post_tag","embeddable":true,"href":"https:\/\/www1.unicap.br\/assecom1\/wp-json\/wp\/v2\/tags?post=30534"}],"curies":[{"name":"wp","href":"https:\/\/api.w.org\/{rel}","templated":true}]}}