{"id":30529,"date":"2012-05-16T00:22:16","date_gmt":"2012-05-16T00:22:16","guid":{"rendered":"http:\/\/www.unicap.br\/assecom1\/?p=30529"},"modified":"2012-05-16T00:22:16","modified_gmt":"2012-05-16T00:22:16","slug":"alunos-de-gestao-em-turismo-vao-realizar-exposicao-de-fotos-sobre-pernambuco","status":"publish","type":"post","link":"https:\/\/www1.unicap.br\/assecom1\/alunos-de-gestao-em-turismo-vao-realizar-exposicao-de-fotos-sobre-pernambuco\/","title":{"rendered":"Alunos de Gest\u00e3o em Turismo v\u00e3o realizar exposi\u00e7\u00e3o de fotos sobre Pernambuco"},"content":{"rendered":"<p>Na pr\u00f3xima quarta-feira (23), a Universidade Cat\u00f3lica de Pernambuco receber\u00e1 uma exposi\u00e7\u00e3o de fotos organizada pelos alunos do\u00a01\u00ba per\u00edodo do curso de Gest\u00e3o em Turismo sobre os atrativos tur\u00edsticos do Recife, Olinda e o litoral\u00a0 pernambucano. Quem for admirar as fotos vai ouvir uma sele\u00e7\u00e3o de m\u00fasicas feita pelos pr\u00f3prios alunos especialmente para o evento. A exposi\u00e7\u00e3o que acontecer\u00e1 das 16h \u00e0s 20h no Sal\u00e3o Receptivo, no 1\u00b0 andar do bloco G, tem como orientador o professor S\u00e9rgio Xavier, que leciona a disciplina de Gest\u00e3o de Pessoas no curso de Turismo.<\/p>\n","protected":false},"excerpt":{"rendered":"<p>Na pr\u00f3xima quarta-feira (23), a Universidade Cat\u00f3lica de Pernambuco receber\u00e1 uma exposi\u00e7\u00e3o de fotos organizada pelos alunos do\u00a01\u00ba per\u00edodo do curso de Gest\u00e3o em Turismo sobre os atrativos tur\u00edsticos do Recife, Olinda e o litoral\u00a0 pernambucano. Quem for admirar as fotos vai ouvir uma sele\u00e7\u00e3o de m\u00fasicas feita pelos pr\u00f3prios alunos especialmente para o evento. [&hellip;]<\/p>\n","protected":false},"author":20,"featured_media":0,"comment_status":"open","ping_status":"open","sticky":false,"template":"","format":"standard","meta":[],"categories":[4],"tags":[],"jetpack-related-posts":[],"_links":{"self":[{"href":"https:\/\/www1.unicap.br\/assecom1\/wp-json\/wp\/v2\/posts\/30529"}],"collection":[{"href":"https:\/\/www1.unicap.br\/assecom1\/wp-json\/wp\/v2\/posts"}],"about":[{"href":"https:\/\/www1.unicap.br\/assecom1\/wp-json\/wp\/v2\/types\/post"}],"author":[{"embeddable":true,"href":"https:\/\/www1.unicap.br\/assecom1\/wp-json\/wp\/v2\/users\/20"}],"replies":[{"embeddable":true,"href":"https:\/\/www1.unicap.br\/assecom1\/wp-json\/wp\/v2\/comments?post=30529"}],"version-history":[{"count":6,"href":"https:\/\/www1.unicap.br\/assecom1\/wp-json\/wp\/v2\/posts\/30529\/revisions"}],"predecessor-version":[{"id":30714,"href":"https:\/\/www1.unicap.br\/assecom1\/wp-json\/wp\/v2\/posts\/30529\/revisions\/30714"}],"wp:attachment":[{"href":"https:\/\/www1.unicap.br\/assecom1\/wp-json\/wp\/v2\/media?parent=30529"}],"wp:term":[{"taxonomy":"category","embeddable":true,"href":"https:\/\/www1.unicap.br\/assecom1\/wp-json\/wp\/v2\/categories?post=30529"},{"taxonomy":"post_tag","embeddable":true,"href":"https:\/\/www1.unicap.br\/assecom1\/wp-json\/wp\/v2\/tags?post=30529"}],"curies":[{"name":"wp","href":"https:\/\/api.w.org\/{rel}","templated":true}]}}