{"id":30391,"date":"2012-05-10T00:33:04","date_gmt":"2012-05-10T00:33:04","guid":{"rendered":"http:\/\/www.unicap.br\/assecom1\/?p=30391"},"modified":"2012-05-10T00:33:04","modified_gmt":"2012-05-10T00:33:04","slug":"catolica-esta-com-inscricoes-abertas-para-conferencia-de-meio-ambiente-e-sociedades-sustentaveis","status":"publish","type":"post","link":"https:\/\/www1.unicap.br\/assecom1\/catolica-esta-com-inscricoes-abertas-para-conferencia-de-meio-ambiente-e-sociedades-sustentaveis\/","title":{"rendered":"Cat\u00f3lica est\u00e1 com inscri\u00e7\u00f5es abertas para Confer\u00eancia de Meio Ambiente e Sociedades Sustent\u00e1veis"},"content":{"rendered":"<p>Por Eduardo Losada<\/p>\n<p>A Universidade Cat\u00f3lica de Pernambuco (Unicap) est\u00e1 com inscri\u00e7\u00f5es abertas para a I Confer\u00eancia de Meio Ambiente e Sociedades Sustent\u00e1veis (I COMEIASS), que ser\u00e1 realizada de 4 a 6 de junho. Promovido pelo Instituto Humanitas Unicap, o evento tem como tema central <em>\u201c<\/em>Sociedade e Meio Ambiente\u201d. A programa\u00e7\u00e3o prev\u00ea a realiza\u00e7\u00e3o de confer\u00eancias, pain\u00e9is e cinco minicursos. Os interessados em participar devem se inscrever at\u00e9 o dia 31 de maio pelo site <a href=\"http:\/\/www.unicap.br\/comeiass\">www.unicap.br\/comeiass<\/a>. A taxa \u00e9 de R$ 50.<\/p>\n<p>A I COMEIASS ser\u00e1 aberta com uma confer\u00eancia da diretora do Centro de Ci\u00eancias e Tecnologia da Unicap e pesquisadora do Instituto Agron\u00f4mico de Pernambuco (IPA), Prof\u00aa Dr\u00aa Arminda Saconi. Ela vai falar sobre \u201cDesenvolvimento sustent\u00e1vel: necessidade e\/ou possibilidade?\u201d A cerim\u00f4nia de abertura est\u00e1 programada para o dia 4 de junho, \u00e0s 18h, no audit\u00f3rio G2.<\/p>\n<p>No segundo dia, o evento ter\u00e1 in\u00edcio \u00e0s 14h, tamb\u00e9m no audit\u00f3rio G2, com a confer\u00eancia do coordenador do N\u00facleo de Gest\u00e3o Ambiental da Universidade de Pernambuco (UPE) e professor do curso de Ci\u00eancias Biol\u00f3gicas da Unicap, Prof. Dr. F\u00e1bio Pedrosa. Ele vai tratar do tema \u201cRepensar o ambiente: bases filos\u00f3ficas para a educa\u00e7\u00e3o ambiental\u201d. Em seguida, \u00e0s 16h, haver\u00e1 a confer\u00eancia da Prof\u00aa Dr\u00aa Aline Elesb\u00e3o do Nascimento, pesquisadora do N\u00facleo de Ci\u00eancias Ambientais da Unicap. Ela vai abordar o tema \u201cBioneg\u00f3cios: a biotecnologia a servi\u00e7o da sustentabilidade no s\u00e9culo XXI\u201d. \u00c0 noite, \u00e0s 19h, acontecer\u00e1 a \u00faltima atividade do dia: a confer\u00eancia da Prof\u00aa Dr\u00aa Maria Ad\u00e9lia Oliveira Monteiro da Cruz, integrante da Associa\u00e7\u00e3o Pernambucana de Defesa da Natureza e professora de Biologia da Universidade Federal Rural de Pernambuco (UFRPE).<\/p>\n<p>No \u00faltimo dia do evento, est\u00e3o previstas tr\u00eas confer\u00eancias. Todas ser\u00e3o realizadas no audit\u00f3rio G2. A primeira ter\u00e1 in\u00edcio \u00e0s 14h e vai ficar a cargo da Prof\u00aa Dr\u00aa Gisela Siqueira, da Universidade Federal de Pernambuco (UFPE). Ela vai falar sobre \u201cFisioterapia, meio ambiente e sa\u00fade\u201d. A segunda come\u00e7ar\u00e1 \u00e0s 16h e ser\u00e1 proferida pelo coordenador do Instituto Ocean\u00e1rio da UFRPE, Prof. Dr. Luiz Lira. A programa\u00e7\u00e3o da I COMEIASS se encerrar\u00e1 com a confer\u00eancia do coordenador do curso de Ci\u00eancias Biol\u00f3gicas da Unicap, Prof. Dr. Luiz Vital da Cunha. Ele vai tratar da \u201cSustentabilidade de sociedades rurais a partir da Etnobot\u00e2nica: uma experi\u00eancia em Pernambuco.\u201d<\/p>\n<p>Os cinco minicursos programados ser\u00e3o realizados durante os tr\u00eas dias do evento, sempre das 8h \u00e0s 12h. Para participar dos minicursos, \u00e9 preciso estar inscrito no evento e pagar uma taxa adicional de R$ 20. Ser\u00e3o oferecidos os seguintes minicursos: \u201cBiotecnologia microbiana: ferramenta para desenvolvimento sustent\u00e1vel\u201d, ministrado pela Prof\u00aa Dr\u00aa Aline Elesb\u00e3o do Nascimento (Unicap); \u201cUso dos jogos virtuais no combate ao stress\u201d, com a Prof\u00aa Dr\u00aa Maria Goretti Fernandes (Unicap); \u201cApicultura\u201d, com o Prof. Dr. Alexandre Jos\u00e9 Pereira de Ara\u00fajo (UFRPE); \u201cConserva\u00e7\u00e3o em paisagens modificadas pelo homem\u201d, como Prof. Dr. Luiz Biondi (USP); e \u201cImpacto ambiental do turismo em \u00e1reas litor\u00e2neas\u201d, com a Prof\u00aa Dr\u00aa Goretti S\u00f4nia da Silva (Unicap).<\/p>\n<p>&nbsp;<\/p>\n<p>&nbsp;<\/p>\n<p>&nbsp;<\/p>\n","protected":false},"excerpt":{"rendered":"<p>Por Eduardo Losada A Universidade Cat\u00f3lica de Pernambuco (Unicap) est\u00e1 com inscri\u00e7\u00f5es abertas para a I Confer\u00eancia de Meio Ambiente e Sociedades Sustent\u00e1veis (I COMEIASS), que ser\u00e1 realizada de 4 a 6 de junho. Promovido pelo Instituto Humanitas Unicap, o evento tem como tema central \u201cSociedade e Meio Ambiente\u201d. A programa\u00e7\u00e3o prev\u00ea a realiza\u00e7\u00e3o de [&hellip;]<\/p>\n","protected":false},"author":2,"featured_media":0,"comment_status":"open","ping_status":"open","sticky":false,"template":"","format":"standard","meta":[],"categories":[4],"tags":[],"jetpack-related-posts":[],"_links":{"self":[{"href":"https:\/\/www1.unicap.br\/assecom1\/wp-json\/wp\/v2\/posts\/30391"}],"collection":[{"href":"https:\/\/www1.unicap.br\/assecom1\/wp-json\/wp\/v2\/posts"}],"about":[{"href":"https:\/\/www1.unicap.br\/assecom1\/wp-json\/wp\/v2\/types\/post"}],"author":[{"embeddable":true,"href":"https:\/\/www1.unicap.br\/assecom1\/wp-json\/wp\/v2\/users\/2"}],"replies":[{"embeddable":true,"href":"https:\/\/www1.unicap.br\/assecom1\/wp-json\/wp\/v2\/comments?post=30391"}],"version-history":[{"count":1,"href":"https:\/\/www1.unicap.br\/assecom1\/wp-json\/wp\/v2\/posts\/30391\/revisions"}],"predecessor-version":[{"id":30392,"href":"https:\/\/www1.unicap.br\/assecom1\/wp-json\/wp\/v2\/posts\/30391\/revisions\/30392"}],"wp:attachment":[{"href":"https:\/\/www1.unicap.br\/assecom1\/wp-json\/wp\/v2\/media?parent=30391"}],"wp:term":[{"taxonomy":"category","embeddable":true,"href":"https:\/\/www1.unicap.br\/assecom1\/wp-json\/wp\/v2\/categories?post=30391"},{"taxonomy":"post_tag","embeddable":true,"href":"https:\/\/www1.unicap.br\/assecom1\/wp-json\/wp\/v2\/tags?post=30391"}],"curies":[{"name":"wp","href":"https:\/\/api.w.org\/{rel}","templated":true}]}}