{"id":30363,"date":"2012-05-09T01:09:13","date_gmt":"2012-05-09T01:09:13","guid":{"rendered":"http:\/\/www.unicap.br\/assecom1\/?p=30363"},"modified":"2012-05-09T01:09:13","modified_gmt":"2012-05-09T01:09:13","slug":"semana-de-teologia-da-catolica-comeca-nesta-quarta-feira","status":"publish","type":"post","link":"https:\/\/www1.unicap.br\/assecom1\/semana-de-teologia-da-catolica-comeca-nesta-quarta-feira\/","title":{"rendered":"Semana de Teologia da Cat\u00f3lica come\u00e7a nesta quarta-feira"},"content":{"rendered":"<p>A Universidade Cat\u00f3lica de Pernambuco vai sediar a partir desta quarta-feira (9)\u00a0a Semana de Teologia 2012, que tem como\u00a0tema &#8220;Conc\u00edlio Vaticano II: 50 anos &#8211; hist\u00f3ria e perspectivas. Haver\u00e1 v\u00e1rias palestras, minicursos, confer\u00eancias e oficinas.\u00a0\u00a0Os conferencistas\u00a0ser\u00e3o\u00a0Bartolomeu Figueir\u00f4a de Medeiros, Ione Buyst, Jos\u00e9 Oscar Beozzo e Dom Luiz Dem\u00e9trio Valentini. Mais informa\u00e7\u00f5es pelo site <a href=\"http:\/\/www.unicap.br\/SemanaTeologia\">www.unicap.br\/SemanaTeologia<\/a>. Confira a programa\u00e7\u00e3o:<\/p>\n<p><strong>09 de maio de 2012 (quarta-feira)<\/strong><\/p>\n<p><strong>14h \u00e0s 15h40<\/strong> \u2013 Minicurso \u201cSegredo dos ritos, ritualidade e sacramentalidade\u201d, com Ione Buyst no Audit\u00f3rio G2<br \/>\n<strong>16h \u00e0s 17h40<\/strong> \u2013 Oficinas com os professores de Teologia da UNICAP<br \/>\n<strong>18h30<\/strong> \u2013 Chegue antes: atividade cultural<br \/>\n<strong>19h \u00e0s 21h30<\/strong> \u2013 Confer\u00eancia: \u201cO Conc\u00edlio Vaticano II: o fato hist\u00f3rico e seus desdobramentos\u201d, com Jos\u00e9 Oscar Beozzo<\/p>\n<p><strong>10 de maio de 2012 (quinta-feira)<\/strong><\/p>\n<p><strong>14h \u00e0s 15h40<\/strong> \u2013 Minicurso \u201cSegredo dos ritos, ritualidade e sacramentalidade\u201d, com Ione Buyst no Audit\u00f3rio G2<br \/>\n<strong>16h \u00e0s 17h40<\/strong> \u2013 Se\u00e7\u00e3o de comunica\u00e7\u00f5es mediante inscri\u00e7\u00e3o pr\u00e9via<br \/>\n<strong>18h30<\/strong> \u2013 Chegue antes: atividade cultural<br \/>\n<strong>19h \u00e0s 21h30<\/strong> \u2013 Confer\u00eancia: \u201cO Vaticano II e a Renova\u00e7\u00e3o Lit\u00fargica\u201d, com Ione Buyst<\/p>\n<p><strong>11 de maio de 2012 (sexta-feira)<\/strong><\/p>\n<p><strong>14h \u00e0s 15h40<\/strong> \u2013 Oficina \u201cM\u00fasicas da Igreja nos caminhos do p\u00f3s-conc\u00edlio\u201d, com Z\u00e9 Vicente;<br \/>\n<strong>16h \u00e0s 17h40<\/strong> \u2013 Caf\u00e9 Teol\u00f3gico \u201cO Conc\u00edlio e o di\u00e1logo ecum\u00eanico e inter-religioso\u201d, com Prof. Frei Tito e Prof. Gilbraz<br \/>\n<strong>18h30<\/strong> \u2013 Chegue antes: atividade cultural<br \/>\n<strong>19h \u00e0s 21h30<\/strong> \u2013 Confer\u00eancia: \u201cA Eclesiologia do Vaticano II\u201d, com dom Dem\u00e9trio Valentini, bispo de Jales, SP<\/p>\n<div id=\"postTabs_1_13638\">\n<p><strong>Conferencistas<\/strong><\/p>\n<p><strong>Bartolomeu Figueiroa de Medeiros:<\/strong><br \/>\nPossui gradua\u00e7\u00e3o em Pedagogia pela Universidade Federal de Pernambuco, gradua\u00e7\u00e3o em Filosofia Sistem\u00e1tica \u2013 Semin\u00e1rio Carmelitano\/SP, gradua\u00e7\u00e3o em Teologia Sistem\u00e1tica \u2013 Semin\u00e1rio Carmelitano\/SP, Mestrado em Antropologia pela Universidade Federal de Pernambuco, Doutorado em Antropologia pelo Museu Nacional \u2013 UFRJ e P\u00f3s-Doutorado pela Universidade de Bras\u00edlia. Atualmente \u00e9 Professor Colaborador Permanente da Universidade Federal de Pernambuco e S\u00f3cio-Efetivo da Associa\u00e7\u00e3o Brasileira de Antropologia.<\/p>\n<p><strong>Ione Buyst:<\/strong><br \/>\nDoutora em Teologia Dogm\u00e1tica com Concentra\u00e7\u00e3o em Liturgia, pelo Centro de Liturgia da Pontif\u00edcia Faculdade de Teologia N. Sra. da Assun\u00e7\u00e3o, S\u00e3o Paulo. Atua no ensino da liturgia em v\u00e1rias inst\u00e2ncias. Assessora cursos, projetos, retiros e encontros de forma\u00e7\u00e3o e pastoral lit\u00fargicas. \u00c9 autora de v\u00e1rios livros e artigos, tanto no campo acad\u00eamico, quanto no campo pastoral e popular.<\/p>\n<p><strong>Jos\u00e9 Oscar Beozzo:<\/strong><br \/>\nDoutor em Hist\u00f3ria Social, pela Universidade de S\u00e3o Paulo, USP. Mestre em Sociologia da Religi\u00e3o, pela Universit\u00e9 Catholique de Louvain, B\u00e9lgica. Especializado em Comunica\u00e7\u00e3o Social, pela Universit\u00e9 Catholique de Louvain, B\u00e9lgica, e em Hist\u00f3ria do Brasil, pela Faculdade Auxilium de Filosofia, Ci\u00eancias e Letras em Lins, S\u00e3o Paulo. Graduado em Ci\u00eancias Politicas e Sociais pela Universit\u00e9 Catholique de Louvain, B\u00e9lgica. Graduado em Teologia pela Pontificia Universit\u00e0 Gregoriana em Roma, e em Filosofia pelo Semin\u00e1rio Central do Ipiranga\/Semin\u00e1rio Central de Aparecida, S\u00e3o Paulo.<\/p>\n<p><strong>Dom Luiz Dem\u00e9trio Valentini:<\/strong><br \/>\nCursou Filosofia no Semin\u00e1rio Maior de Viam\u00e3o e Teologia na Pontif\u00edcia Universidade Gregoriana de Roma. Licenciou-se em Letras pela Faculdade de Palmas, no Paran\u00e1. Foi ordenado presb\u00edtero em S\u00e3o Valentim, no dia 6 de fevereiro de 1965. De 1999 a 15 de novembro de 2011 foi presidente da C\u00e1ritas Brasileira, por quatro mandatos consecutivos. Atualmente \u00e9 bispo da diocese de Jales, em S\u00e3o Paulo.<\/p>\n<\/div>\n","protected":false},"excerpt":{"rendered":"<p>A Universidade Cat\u00f3lica de Pernambuco vai sediar a partir desta quarta-feira (9)\u00a0a Semana de Teologia 2012, que tem como\u00a0tema &#8220;Conc\u00edlio Vaticano II: 50 anos &#8211; hist\u00f3ria e perspectivas. Haver\u00e1 v\u00e1rias palestras, minicursos, confer\u00eancias e oficinas.\u00a0\u00a0Os conferencistas\u00a0ser\u00e3o\u00a0Bartolomeu Figueir\u00f4a de Medeiros, Ione Buyst, Jos\u00e9 Oscar Beozzo e Dom Luiz Dem\u00e9trio Valentini. Mais informa\u00e7\u00f5es pelo site www.unicap.br\/SemanaTeologia. Confira [&hellip;]<\/p>\n","protected":false},"author":2,"featured_media":0,"comment_status":"open","ping_status":"open","sticky":false,"template":"","format":"standard","meta":[],"categories":[4],"tags":[],"jetpack-related-posts":[],"_links":{"self":[{"href":"https:\/\/www1.unicap.br\/assecom1\/wp-json\/wp\/v2\/posts\/30363"}],"collection":[{"href":"https:\/\/www1.unicap.br\/assecom1\/wp-json\/wp\/v2\/posts"}],"about":[{"href":"https:\/\/www1.unicap.br\/assecom1\/wp-json\/wp\/v2\/types\/post"}],"author":[{"embeddable":true,"href":"https:\/\/www1.unicap.br\/assecom1\/wp-json\/wp\/v2\/users\/2"}],"replies":[{"embeddable":true,"href":"https:\/\/www1.unicap.br\/assecom1\/wp-json\/wp\/v2\/comments?post=30363"}],"version-history":[{"count":2,"href":"https:\/\/www1.unicap.br\/assecom1\/wp-json\/wp\/v2\/posts\/30363\/revisions"}],"predecessor-version":[{"id":30366,"href":"https:\/\/www1.unicap.br\/assecom1\/wp-json\/wp\/v2\/posts\/30363\/revisions\/30366"}],"wp:attachment":[{"href":"https:\/\/www1.unicap.br\/assecom1\/wp-json\/wp\/v2\/media?parent=30363"}],"wp:term":[{"taxonomy":"category","embeddable":true,"href":"https:\/\/www1.unicap.br\/assecom1\/wp-json\/wp\/v2\/categories?post=30363"},{"taxonomy":"post_tag","embeddable":true,"href":"https:\/\/www1.unicap.br\/assecom1\/wp-json\/wp\/v2\/tags?post=30363"}],"curies":[{"name":"wp","href":"https:\/\/api.w.org\/{rel}","templated":true}]}}