{"id":2921,"date":"2010-05-06T19:17:42","date_gmt":"2010-05-06T22:17:42","guid":{"rendered":"http:\/\/www.unicap.br\/assecom1\/?p=2921"},"modified":"2010-05-06T19:17:42","modified_gmt":"2010-05-06T22:17:42","slug":"i-encontro-de-historia-da-midia-do-nordeste","status":"publish","type":"post","link":"https:\/\/www1.unicap.br\/assecom1\/i-encontro-de-historia-da-midia-do-nordeste\/","title":{"rendered":"I Encontro de Hist\u00f3ria da M\u00eddia do Nordeste"},"content":{"rendered":"<p>A Universidade Federal do Rio Grande do Norte, atrav\u00e9s da Pr\u00f3-reitoria de Extens\u00e3o, da Pr\u00f3-reitoria de P\u00f3s-gradua\u00e7\u00e3o, do DECOM &#8211; Departamento de Comunica\u00e7\u00e3o e do CCLHA \u2013 Centro de Ci\u00eancias Humanas, Letras e Artes organizou em parceria com a ALCAR \u2013 Associa\u00e7\u00e3o Brasileira de Pesquisadores de Hist\u00f3ria da M\u00eddia o I Encontro de Hist\u00f3ria da M\u00eddia do Nordeste, que acontece nos dias 13 e 14 de maio no Audit\u00f3rio Zila Mamede, na Biblioteca Central do Campus da UFRN, em Natal.<\/p>\n<p>O evento tem como objetivo principal estimular a participa\u00e7\u00e3o da comunidade acad\u00eamica e de pesquisa, defendendo o aperfei\u00e7oamento profissional e o desenvolvimento te\u00f3rico, cultural, cient\u00edfico e tecnol\u00f3gico no campo de estudos de Comunica\u00e7\u00e3o incentivando o desenvolvimento de estudos e pesquisas, identificando temas priorit\u00e1rios para o avan\u00e7o do conhecimento na \u00e1rea. O I Encontro de Hist\u00f3ria da M\u00eddia do Nordeste pretende contribuir para a valoriza\u00e7\u00e3o da Mem\u00f3ria, do Espa\u00e7o e da M\u00eddia Nordestina, tornando-os n\u00e3o s\u00f3 patrim\u00f4nio regional, mas coletivo de todo povo brasileiro.<\/p>\n<p>Programa\u00e7\u00e3o:<a href=\"http:\/\/encontrohistoriadamidia.blogspot.com\/2010\/05\/programacao.html\"><\/a><\/p>\n<div>13\/05\/2010 \u2013 5\u00aa feira &#8211; 14h \u00e0s 19h<br \/>\nCredenciamento<br \/>\nLocal: Sala de Eventos \u2013 Decom \u2013 CCLHA<\/div>\n<p>13\/05\/2010 \u2013 5\u00aa feira &#8211; 15h \u00e0s 18h<br \/>\nMesa redonda &#8211; Tema: Mem\u00f3ria da m\u00eddia Potiguar<br \/>\nParticipantes: Janio Vidal \u2013 TV Tropical<br \/>\nMarco Aur\u00e9lio de S\u00e1 \u2013 Jornal de Hoje<br \/>\nCarlos Peixoto \u2013 Tribuna do Norte<br \/>\nMediador: Prof. Mestre Newton Avelino<br \/>\nLocal: Audit\u00f3rio Zila Mamede \u2013 Biblioteca<\/p>\n<p>13\/05\/2010 \u2013 5\u00aa feira &#8211; 19h<br \/>\nSolenidade de Abertura<br \/>\nLocal: Audit\u00f3rio Zila Mamede \u2013 Biblioteca<\/p>\n<p>13\/05\/2010 \u2013 5\u00aa feira &#8211; 20h<br \/>\nConfer\u00eancia Inaugural<br \/>\nTema: MEM\u00d3RIA, ESPA\u00c7O E M\u00cdDIA<br \/>\nConferencista: Maria Cristina Mata \u2013 Universidade de Cordoba \u2013 Argentina<br \/>\nLocal: Audit\u00f3rio Zila Mamede \u2013 Biblioteca<\/p>\n<p>13\/05\/2010 \u2013 5\u00aa feira &#8211; 21h<br \/>\nLan\u00e7amento de Livros<br \/>\nLocal: Anexo da Biblioteca<\/p>\n<p>14\/05\/2010 \u2013 9h \u00e0s 12h<br \/>\nMesa Redonda<br \/>\nTema: Espa\u00e7o da M\u00eddia Nordestina<br \/>\nPalestrantes: Durval Albuquerque \u2013 UFRN;<br \/>\nErotilde Hon\u00f3rio Silva \u2013 Unifor;<br \/>\nCatarina Tereza Oliveira \u2013 UFC\/UECE<br \/>\nMediadora: Maria das Gra\u00e7as Pinto Coelho \u2013 UFRN<br \/>\nLocal: Audit\u00f3rio Zila Mamede \u2013 Biblioteca<\/p>\n<p>14\/05\/2010 \u2013 14h \u00e0s 18h<br \/>\nApresenta\u00e7\u00e3o simult\u00e2nea dos Grupos de Trabalho<br \/>\nSala H1 &#8211; Setor II: GT 1 &#8211; Hist\u00f3ria do Jornalismo<br \/>\nCoordena\u00e7\u00e3o: K\u00eania Maia UFRN<br \/>\nSala H2 &#8211; Setor II: GT 2 Hist\u00f3ria da Publicidade e Com. Institucional<br \/>\nCoordena\u00e7\u00e3o: Ary Azevedo J\u00fanior e Lucimara Rett UFRN<br \/>\nSala H3 &#8211; Setor II: GT 3 \u2013 Hist\u00f3ria da M\u00eddia Impressa<br \/>\nCoordena\u00e7\u00e3o: Adriano Cruz e Ruy Alckmin UFRN<br \/>\nSala H4 &#8211; Setor II: GT 4 \u2013 Hist\u00f3ria da M\u00eddia Sonora<br \/>\nCoordena\u00e7\u00e3o: H\u00e9lcio Pacheco e Moacir Barbosa UFRN<br \/>\nAudit\u00f3rio B do CCHLA &#8211; GT 5 \u2013 Hist\u00f3ria da M\u00eddia Visual e Audiovisual<br \/>\nMesa 1 &#8211; Coordena\u00e7\u00e3o: Maria \u00c2ngela Pavan e Itamar Nobre UFRN<br \/>\nAudit\u00f3rio C do CCHLA &#8211; GT 5 \u2013 Hist\u00f3ria da M\u00eddia Visual e Audiovisual<br \/>\nMesa 2 &#8211; Coordena\u00e7\u00e3o: Maria \u00c2ngela Pavan e Itamar Nobre UFRN<br \/>\nSala H5 &#8211; Setor II &#8211; GT 6 \u2013 Hist\u00f3ria da M\u00eddia Digital<br \/>\nCoordena\u00e7\u00e3o: Juciano Lacerda e Taciana Burgos UFRN<br \/>\nSala H6 &#8211; Setor II &#8211; GT 7 \u2013 Hist\u00f3ria da M\u00eddia Alternativa<br \/>\nCoordena\u00e7\u00e3o: Socorro Veloso e Jos\u00e9 Zilmar Alves da Costa UFRN<br \/>\nSala H7 &#8211; Setor II &#8211; GT 8 \u2013 Historiografia da M\u00eddia<br \/>\nCoordena\u00e7\u00e3o: Sebasti\u00e3o Guilherme Albano UFRN<\/p>\n<p>14\/05\/2010 &#8211; 19h \u00e0s 21h<br \/>\nMesa de Encerramento<br \/>\nTema: MEM\u00d3RIA DA M\u00cdDIA NORDESTINA<br \/>\nParticipantes:<br \/>\nMarialva Barbosa &#8211; UFF<br \/>\nJos\u00e9 Marques de Melo &#8211; C\u00e1tedra da Unesco\/ Metodista<br \/>\nSonia Meneses &#8211; URCA<br \/>\nMediadora: Josimey Costa \u2013 UFRN<br \/>\nLocal: Audit\u00f3rio Zila Mamede \u2013 Biblioteca<\/p>\n","protected":false},"excerpt":{"rendered":"<p>A Universidade Federal do Rio Grande do Norte, atrav\u00e9s da Pr\u00f3-reitoria de Extens\u00e3o, da Pr\u00f3-reitoria de P\u00f3s-gradua\u00e7\u00e3o, do DECOM &#8211; Departamento de Comunica\u00e7\u00e3o e do CCLHA \u2013 Centro de Ci\u00eancias Humanas, Letras e Artes organizou em parceria com a ALCAR \u2013 Associa\u00e7\u00e3o Brasileira de Pesquisadores de Hist\u00f3ria da M\u00eddia o I Encontro de Hist\u00f3ria da [&hellip;]<\/p>\n","protected":false},"author":11,"featured_media":0,"comment_status":"open","ping_status":"open","sticky":false,"template":"","format":"standard","meta":[],"categories":[4],"tags":[],"jetpack-related-posts":[],"_links":{"self":[{"href":"https:\/\/www1.unicap.br\/assecom1\/wp-json\/wp\/v2\/posts\/2921"}],"collection":[{"href":"https:\/\/www1.unicap.br\/assecom1\/wp-json\/wp\/v2\/posts"}],"about":[{"href":"https:\/\/www1.unicap.br\/assecom1\/wp-json\/wp\/v2\/types\/post"}],"author":[{"embeddable":true,"href":"https:\/\/www1.unicap.br\/assecom1\/wp-json\/wp\/v2\/users\/11"}],"replies":[{"embeddable":true,"href":"https:\/\/www1.unicap.br\/assecom1\/wp-json\/wp\/v2\/comments?post=2921"}],"version-history":[{"count":0,"href":"https:\/\/www1.unicap.br\/assecom1\/wp-json\/wp\/v2\/posts\/2921\/revisions"}],"wp:attachment":[{"href":"https:\/\/www1.unicap.br\/assecom1\/wp-json\/wp\/v2\/media?parent=2921"}],"wp:term":[{"taxonomy":"category","embeddable":true,"href":"https:\/\/www1.unicap.br\/assecom1\/wp-json\/wp\/v2\/categories?post=2921"},{"taxonomy":"post_tag","embeddable":true,"href":"https:\/\/www1.unicap.br\/assecom1\/wp-json\/wp\/v2\/tags?post=2921"}],"curies":[{"name":"wp","href":"https:\/\/api.w.org\/{rel}","templated":true}]}}