{"id":29183,"date":"2012-03-29T22:45:55","date_gmt":"2012-03-29T22:45:55","guid":{"rendered":"http:\/\/www.unicap.br\/assecom1\/?p=29183"},"modified":"2012-03-30T12:33:42","modified_gmt":"2012-03-30T12:33:42","slug":"jornalismo-e-etica-sao-tema-de-debate-com-a-jornalista-andrea-trigueiro","status":"publish","type":"post","link":"https:\/\/www1.unicap.br\/assecom1\/jornalismo-e-etica-sao-tema-de-debate-com-a-jornalista-andrea-trigueiro\/","title":{"rendered":"Jornalismo e \u00c9tica s\u00e3o tema de debate com a jornalista Andr\u00e9a Trigueiro"},"content":{"rendered":"<p><a href=\"https:\/\/i2.wp.com\/www1.unicap.br\/assecom1\/wp-content\/uploads\/2012\/03\/SDC10083.jpg?ssl=1\"><img data-attachment-id=\"29187\" data-permalink=\"https:\/\/www1.unicap.br\/assecom1\/jornalismo-e-etica-sao-tema-de-debate-com-a-jornalista-andrea-trigueiro\/attachment\/29187\/\" data-orig-file=\"https:\/\/i2.wp.com\/www1.unicap.br\/assecom1\/wp-content\/uploads\/2012\/03\/SDC10083.jpg?fit=2592%2C1944&amp;ssl=1\" data-orig-size=\"2592,1944\" data-comments-opened=\"1\" data-image-meta=\"{&quot;aperture&quot;:&quot;2.8&quot;,&quot;credit&quot;:&quot;&quot;,&quot;camera&quot;:&quot;&lt;KENOX S860  \\\/ Samsung S860&gt;&quot;,&quot;caption&quot;:&quot;&quot;,&quot;created_timestamp&quot;:&quot;1295960460&quot;,&quot;copyright&quot;:&quot;COPYRIGHT, 2007&quot;,&quot;focal_length&quot;:&quot;6.3&quot;,&quot;iso&quot;:&quot;200&quot;,&quot;shutter_speed&quot;:&quot;0.066666666666667&quot;,&quot;title&quot;:&quot;&lt;KENOX S860  \\\/ Samsung S860&gt;&quot;}\" data-image-title=\"A jornalista Andrea Trigueiro dividiu experi\u00eancias com os estudantes, a convite do professor Juliano Domingues\" data-image-description=\"\" data-medium-file=\"https:\/\/i2.wp.com\/www1.unicap.br\/assecom1\/wp-content\/uploads\/2012\/03\/SDC10083.jpg?fit=300%2C225&amp;ssl=1\" data-large-file=\"https:\/\/i2.wp.com\/www1.unicap.br\/assecom1\/wp-content\/uploads\/2012\/03\/SDC10083.jpg?fit=640%2C480&amp;ssl=1\" loading=\"lazy\" class=\"size-large wp-image-29187 alignnone\" title=\"A jornalista Andrea Trigueiro dividiu experi\u00eancias com os estudantes, a convite do professor Juliano Domingues\" src=\"https:\/\/i2.wp.com\/www1.unicap.br\/assecom1\/wp-content\/uploads\/2012\/03\/SDC10083.jpg?resize=640%2C479&#038;ssl=1\" alt=\"\" srcset=\"https:\/\/i2.wp.com\/www1.unicap.br\/assecom1\/wp-content\/uploads\/2012\/03\/SDC10083.jpg?resize=1024%2C768&amp;ssl=1 1024w, https:\/\/i2.wp.com\/www1.unicap.br\/assecom1\/wp-content\/uploads\/2012\/03\/SDC10083.jpg?resize=300%2C225&amp;ssl=1 300w, https:\/\/i2.wp.com\/www1.unicap.br\/assecom1\/wp-content\/uploads\/2012\/03\/SDC10083.jpg?resize=250%2C187&amp;ssl=1 250w, https:\/\/i2.wp.com\/www1.unicap.br\/assecom1\/wp-content\/uploads\/2012\/03\/SDC10083.jpg?w=1280&amp;ssl=1 1280w, https:\/\/i2.wp.com\/www1.unicap.br\/assecom1\/wp-content\/uploads\/2012\/03\/SDC10083.jpg?w=1920&amp;ssl=1 1920w\" sizes=\"(max-width: 640px) 100vw, 640px\" data-recalc-dims=\"1\" \/><\/a><\/p>\n<p>&nbsp;<\/p>\n<p>Por Carolina Oliveira<\/p>\n<p>A turma do 3\u00ba per\u00edodo do curso de Jornalismo da Universidade Cat\u00f3lica de Pernambuco\u00a0recebeu uma convidada especial na \u00faltima quarta-feira (28). H\u00e1 um ano como presidente da Comiss\u00e3o de \u00c9tica do Sindicato de Jornalistas de Pernambuco, Andr\u00e9a Trigueiro deu uma verdadeira aula sobre \u00c9tica e Legisla\u00e7\u00e3o em Jornalismo. A convite do professor e coordenador do curso, Juliano Domingues, Andr\u00e9a reuniu os cerca de 40 alunos na sala 304 do bloco A para uma aula-debate.<\/p>\n<p>Na TV, ela j\u00e1 foi rep\u00f3rter da Rede Globo e trabalhou tamb\u00e9m na TV Manchete e TV Jornal. No r\u00e1dio, passou por meios como R\u00e1dio Jornal e CBN. Formada em Jornalismo pela Unicap, hoje, Andr\u00e9a Trigueiro acumula uma s\u00e9rie de fun\u00e7\u00f5es. Al\u00e9m do exerc\u00edcio da profiss\u00e3o em ve\u00edculo de comunica\u00e7\u00e3o &#8212; como produtora do programa Via Legal &#8212; a jornalista tamb\u00e9m segue com trabalhos no \u00e2mbito da comunica\u00e7\u00e3o comunit\u00e1ria e de ONGs. Na \u00e1rea acad\u00eamica, leciona as disciplinas de Radiojornalismo 1 e Telejornalismo 1 na Faculdade Maur\u00edcio de Nassau, onde coordena o curso de Jornalismo.<\/p>\n<p>Mas foi na fun\u00e7\u00e3o de presidente da Comiss\u00e3o de \u00c9tica do Sindicato de Jornalistas de Pernambuco que Andr\u00e9a conduziu o debate sobre o comportamento \u00e9tico dos jornalistas no exerc\u00edcio da profiss\u00e3o. De posse do <a href=\"http:\/\/www.fenaj.org.br\/federacao\/cometica\/codigo_de_etica_dos_jornalistas_brasileiros.pdf\">C\u00f3digo de \u00c9tica dos Jornalistas Brasileiros<\/a>, a jornalista levou \u00e0 discuss\u00e3o princ\u00edpios trazidos nos cap\u00edtulos 2 e 3. E\u00a0chamou aten\u00e7\u00e3o\u00a0para cuidados que devem ser tomados: &#8220;Em determinados meios, como a televis\u00e3o, a venda e a audi\u00eancia permeiam o trabalho dos profissionais envolvidos, e a busca por esses valores pode levar ao comprometimento do C\u00f3digo de \u00c9tica&#8221;, alertou.<\/p>\n<p>O momento foi marcado tamb\u00e9m pela troca de experi\u00eancias como rep\u00f3rter. Em meio \u00e0s lembran\u00e7as, a jornalista ponderou: &#8220;Existe um mito sobre o rep\u00f3rter de televis\u00e3o. As pessoas veem na imagem daquele profissional algo art\u00edstico. Acredito que, enquanto rep\u00f3rter, deve-se tomar cuidado para n\u00e3o haver deslumbre&#8221;. A preocupa\u00e7\u00e3o em transformar sua viv\u00eancia em li\u00e7\u00e3o para os futuros jornalistas predominou o discurso de Andr\u00e9a: &#8220;Em meio \u00e0 discuss\u00e3o \u00e9tica, sabemos, entretanto, que ningu\u00e9m \u00e9 perfeito. Todos n\u00f3s cometemos deslizes ao longo de nossa carreira, mas temos que nos orientar a respeito de como nosso trabalho deve repercutir \u00e9tica e moralmente&#8221;, finalizou.<\/p>\n","protected":false},"excerpt":{"rendered":"<p>&nbsp; Por Carolina Oliveira A turma do 3\u00ba per\u00edodo do curso de Jornalismo da Universidade Cat\u00f3lica de Pernambuco\u00a0recebeu uma convidada especial na \u00faltima quarta-feira (28). H\u00e1 um ano como presidente da Comiss\u00e3o de \u00c9tica do Sindicato de Jornalistas de Pernambuco, Andr\u00e9a Trigueiro deu uma verdadeira aula sobre \u00c9tica e Legisla\u00e7\u00e3o em Jornalismo. A convite do [&hellip;]<\/p>\n","protected":false},"author":2,"featured_media":0,"comment_status":"open","ping_status":"open","sticky":false,"template":"","format":"standard","meta":[],"categories":[4],"tags":[],"jetpack-related-posts":[],"_links":{"self":[{"href":"https:\/\/www1.unicap.br\/assecom1\/wp-json\/wp\/v2\/posts\/29183"}],"collection":[{"href":"https:\/\/www1.unicap.br\/assecom1\/wp-json\/wp\/v2\/posts"}],"about":[{"href":"https:\/\/www1.unicap.br\/assecom1\/wp-json\/wp\/v2\/types\/post"}],"author":[{"embeddable":true,"href":"https:\/\/www1.unicap.br\/assecom1\/wp-json\/wp\/v2\/users\/2"}],"replies":[{"embeddable":true,"href":"https:\/\/www1.unicap.br\/assecom1\/wp-json\/wp\/v2\/comments?post=29183"}],"version-history":[{"count":15,"href":"https:\/\/www1.unicap.br\/assecom1\/wp-json\/wp\/v2\/posts\/29183\/revisions"}],"predecessor-version":[{"id":29208,"href":"https:\/\/www1.unicap.br\/assecom1\/wp-json\/wp\/v2\/posts\/29183\/revisions\/29208"}],"wp:attachment":[{"href":"https:\/\/www1.unicap.br\/assecom1\/wp-json\/wp\/v2\/media?parent=29183"}],"wp:term":[{"taxonomy":"category","embeddable":true,"href":"https:\/\/www1.unicap.br\/assecom1\/wp-json\/wp\/v2\/categories?post=29183"},{"taxonomy":"post_tag","embeddable":true,"href":"https:\/\/www1.unicap.br\/assecom1\/wp-json\/wp\/v2\/tags?post=29183"}],"curies":[{"name":"wp","href":"https:\/\/api.w.org\/{rel}","templated":true}]}}