{"id":2877,"date":"2010-05-06T13:08:18","date_gmt":"2010-05-06T16:08:18","guid":{"rendered":"http:\/\/www.unicap.br\/assecom1\/?p=2877"},"modified":"2010-05-06T13:08:18","modified_gmt":"2010-05-06T16:08:18","slug":"catolica-promove-4%c2%aa-edicao-do-catolica-in-na-proxima-semana","status":"publish","type":"post","link":"https:\/\/www1.unicap.br\/assecom1\/catolica-promove-4%c2%aa-edicao-do-catolica-in-na-proxima-semana\/","title":{"rendered":"Cat\u00f3lica promove 4\u00aa Edi\u00e7\u00e3o do Cat\u00f3lica In na pr\u00f3xima semana"},"content":{"rendered":"<p>A Universidade Cat\u00f3lica de Pernambuco ir\u00e1 promover na pr\u00f3xima semana a 4\u00ba Edi\u00e7\u00e3o do Cat\u00f3lica In. O evento acontecer\u00e1 de 10 a 14 de maio e receber\u00e1 estudantes do ensino m\u00e9dio de escolas p\u00fablicas e privadas. O evento tem como principal objetivo ajudar os alunos no seu processo de escolha em sua carreira profissional.<\/p>\n<p>\u00a0Est\u00e3o programadas 38 oficinas, orienta\u00e7\u00e3o profissional e visitas programadas aos laborat\u00f3rios, cl\u00ednicas\u00a0e salas da Universidade, al\u00e9m da Biblioteca. O Cat\u00f3lica In permite uma aproxima\u00e7\u00e3o dos visitantes com as diversas profiss\u00f5es, ampliando conhecimentos sobre as fun\u00e7\u00f5es, rotinas e mercado de trabalho de cada um.<\/p>\n<p>Programa\u00e7\u00e3o Geral<\/p>\n<p>Todos os dias<\/p>\n<table border=\"1\" cellspacing=\"0\" cellpadding=\"0\">\n<tbody>\n<tr>\n<td width=\"299\" valign=\"top\">13h30 \u00e0s 14h<\/td>\n<td width=\"299\" valign=\"top\">Credenciamento<\/td>\n<\/tr>\n<tr>\n<td width=\"299\" valign=\"top\">14h \u00e0s 14h30<\/td>\n<td width=\"299\" valign=\"top\">Audit\u00f3rio<\/td>\n<\/tr>\n<tr>\n<td width=\"299\" valign=\"top\">15h \u00e0s 16h<\/td>\n<td width=\"299\" valign=\"top\">Oficina<\/td>\n<\/tr>\n<tr>\n<td width=\"299\" valign=\"top\">15h \u00e0s 17h<\/td>\n<td width=\"299\" valign=\"top\">Visitas<\/td>\n<\/tr>\n<tr>\n<td width=\"299\" valign=\"top\">16h \u00e0s 17h<\/td>\n<td width=\"299\" valign=\"top\">Orienta\u00e7\u00e3o profissional<\/td>\n<\/tr>\n<\/tbody>\n<\/table>\n<p>\u00a0<\/p>\n<p>Cursos<\/p>\n<p>Data\u00a0\u00a0\u00a0\u00a0\u00a0\u00a0\u00a0\u00a0\u00a0\u00a0\u00a0\u00a0\u00a0\u00a0\u00a0\u00a0\u00a0\u00a0\u00a0\u00a0\u00a0\u00a0\u00a0\u00a0\u00a0\u00a0\u00a0\u00a0\u00a0 \u00a0\u00a0\u00a0\u00a0\u00a0\u00a0 Hor\u00e1rio\u00a0\u00a0\u00a0\u00a0\u00a0\u00a0\u00a0\u00a0\u00a0\u00a0\u00a0\u00a0\u00a0\u00a0\u00a0\u00a0\u00a0\u00a0\u00a0\u00a0\u00a0\u00a0 Curso\u00a0\u00a0\u00a0\u00a0\u00a0\u00a0\u00a0\u00a0\u00a0\u00a0\u00a0\u00a0\u00a0\u00a0\u00a0\u00a0\u00a0\u00a0\u00a0\u00a0\u00a0\u00a0\u00a0\u00a0\u00a0\u00a0\u00a0\u00a0\u00a0\u00a0\u00a0\u00a0\u00a0\u00a0\u00a0\u00a0\u00a0\u00a0\u00a0\u00a0\u00a0\u00a0\u00a0\u00a0\u00a0\u00a0\u00a0\u00a0 Centro<\/p>\n<table border=\"1\" cellspacing=\"0\" cellpadding=\"0\">\n<tbody>\n<tr>\n<td width=\"91\" valign=\"top\">10\/05\/20102\u00aa feira<\/td>\n<td width=\"120\" valign=\"top\">13h30 \u00e0s 17h30<\/td>\n<td width=\"238\" valign=\"top\">Jornalismo, Publicidade e Propaganda, Rela\u00e7\u00f5es P\u00fablicas, Fotografia, Turismo, Tecnol\u00f3gico de Jogos Digitais<\/td>\n<td width=\"150\" valign=\"top\">Centro de Ci\u00eancias Sociais &#8211; CCS<\/td>\n<\/tr>\n<tr>\n<td width=\"91\" valign=\"top\">11\/05\/20103\u00aa feira<\/td>\n<td width=\"120\" valign=\"top\">13h30 \u00e0s 17h30<\/td>\n<td width=\"238\" valign=\"top\">Administra\u00e7\u00e3o, Ci\u00eancias Cont\u00e1beis, Economia, Servi\u00e7os Social, Tecnol\u00f3gico de Eventos<\/td>\n<td width=\"150\" valign=\"top\">Centro de Ci\u00eancias Sociais &#8211; CCS<\/td>\n<\/tr>\n<tr>\n<td width=\"91\" valign=\"top\">12\/05\/20104\u00aa feira<\/td>\n<td width=\"120\" valign=\"top\">13h30 \u00e0s 17h30<\/td>\n<td width=\"238\" valign=\"top\">Biologia, Fisioterapia, Fonoaudiologia, Psicologia, Terapia Ocupacional<\/td>\n<td width=\"150\" valign=\"top\">Centro de Ci\u00eancias Biol\u00f3gicas e Sa\u00fade<\/td>\n<\/tr>\n<tr>\n<td width=\"91\" valign=\"top\">13\/05\/20105\u00aa feira<\/td>\n<td width=\"120\" valign=\"top\">13h30 \u00e0s 17h30<\/td>\n<td width=\"238\" valign=\"top\">Arquitetura, Computa\u00e7\u00e3o, Engenharia Ambiental, Engenharia Civil, Engenharia, Qu\u00edmica, F\u00edsica, Licenciatura em Qu\u00edmica, Licenciatura em Matem\u00e1tica<\/td>\n<td width=\"150\" valign=\"top\">Centro de Ci\u00eancias e Tecnologia<\/td>\n<\/tr>\n<tr>\n<td width=\"91\" valign=\"top\">14\/05\/20106\u00aa feira<\/td>\n<td width=\"120\" valign=\"top\">13h30 \u00e0s 17h30<\/td>\n<td width=\"238\" valign=\"top\">Direito,Filosofia, Hist\u00f3ria, Letras, Pedagogia, Teologia<\/td>\n<td width=\"150\" valign=\"top\">Centro de Ci\u00eancias Jur\u00eddicasCentro de Teologia e Ci\u00eancias Humanas<\/td>\n<\/tr>\n<\/tbody>\n<\/table>\n","protected":false},"excerpt":{"rendered":"<p>A Universidade Cat\u00f3lica de Pernambuco ir\u00e1 promover na pr\u00f3xima semana a 4\u00ba Edi\u00e7\u00e3o do Cat\u00f3lica In. O evento acontecer\u00e1 de 10 a 14 de maio e receber\u00e1 estudantes do ensino m\u00e9dio de escolas p\u00fablicas e privadas. O evento tem como principal objetivo ajudar os alunos no seu processo de escolha em sua carreira profissional. \u00a0Est\u00e3o [&hellip;]<\/p>\n","protected":false},"author":15,"featured_media":0,"comment_status":"open","ping_status":"open","sticky":false,"template":"","format":"standard","meta":[],"categories":[4],"tags":[],"jetpack-related-posts":[],"_links":{"self":[{"href":"https:\/\/www1.unicap.br\/assecom1\/wp-json\/wp\/v2\/posts\/2877"}],"collection":[{"href":"https:\/\/www1.unicap.br\/assecom1\/wp-json\/wp\/v2\/posts"}],"about":[{"href":"https:\/\/www1.unicap.br\/assecom1\/wp-json\/wp\/v2\/types\/post"}],"author":[{"embeddable":true,"href":"https:\/\/www1.unicap.br\/assecom1\/wp-json\/wp\/v2\/users\/15"}],"replies":[{"embeddable":true,"href":"https:\/\/www1.unicap.br\/assecom1\/wp-json\/wp\/v2\/comments?post=2877"}],"version-history":[{"count":0,"href":"https:\/\/www1.unicap.br\/assecom1\/wp-json\/wp\/v2\/posts\/2877\/revisions"}],"wp:attachment":[{"href":"https:\/\/www1.unicap.br\/assecom1\/wp-json\/wp\/v2\/media?parent=2877"}],"wp:term":[{"taxonomy":"category","embeddable":true,"href":"https:\/\/www1.unicap.br\/assecom1\/wp-json\/wp\/v2\/categories?post=2877"},{"taxonomy":"post_tag","embeddable":true,"href":"https:\/\/www1.unicap.br\/assecom1\/wp-json\/wp\/v2\/tags?post=2877"}],"curies":[{"name":"wp","href":"https:\/\/api.w.org\/{rel}","templated":true}]}}