{"id":27392,"date":"2012-01-16T22:17:28","date_gmt":"2012-01-16T22:17:28","guid":{"rendered":"http:\/\/www.unicap.br\/assecom1\/?p=27392"},"modified":"2012-01-16T22:17:28","modified_gmt":"2012-01-16T22:17:28","slug":"remanejados-do-vestibular-2012-1-realizam-matricula","status":"publish","type":"post","link":"https:\/\/www1.unicap.br\/assecom1\/remanejados-do-vestibular-2012-1-realizam-matricula\/","title":{"rendered":"Remanejados do vestibular 2012.1 realizam matr\u00edcula"},"content":{"rendered":"<p>A manh\u00e3 desta segunda-feira(16) na Universidade Cat\u00f3lica de Pernambuco foi\u00a0reservada para os remanejados dos cursos de Licenciatura e Bacharelado em Ci\u00eancias Biol\u00f3gicas, Fisioterapia, Psicologia, Licenciatura e Bacharelado em Filosofia, Licenciatura em Hist\u00f3ria, Licenciatura em Letras Portugu\u00eas\/Ingl\u00eas e Portugu\u00eas\/Espanhol fazerem suas matr\u00edculas.<\/p>\n<p><a href=\"https:\/\/i0.wp.com\/www1.unicap.br\/assecom1\/wp-content\/uploads\/2012\/01\/SDC12582.jpg?ssl=1\"><img data-attachment-id=\"27393\" data-permalink=\"https:\/\/www1.unicap.br\/assecom1\/remanejados-do-vestibular-2012-1-realizam-matricula\/attachment\/27393\/\" data-orig-file=\"https:\/\/i0.wp.com\/www1.unicap.br\/assecom1\/wp-content\/uploads\/2012\/01\/SDC12582.jpg?fit=2592%2C1944&amp;ssl=1\" data-orig-size=\"2592,1944\" data-comments-opened=\"1\" data-image-meta=\"{&quot;aperture&quot;:&quot;2.8&quot;,&quot;credit&quot;:&quot;&quot;,&quot;camera&quot;:&quot;&lt;KENOX S860  \\\/ Samsung S860&gt;&quot;,&quot;caption&quot;:&quot;&quot;,&quot;created_timestamp&quot;:&quot;1290286185&quot;,&quot;copyright&quot;:&quot;COPYRIGHT, 2007&quot;,&quot;focal_length&quot;:&quot;6.3&quot;,&quot;iso&quot;:&quot;80&quot;,&quot;shutter_speed&quot;:&quot;0.011111111111111&quot;,&quot;title&quot;:&quot;&lt;KENOX S860  \\\/ Samsung S860&gt;&quot;}\" data-image-title=\"Franciele Barbosa\" data-image-description=\"\" data-medium-file=\"https:\/\/i0.wp.com\/www1.unicap.br\/assecom1\/wp-content\/uploads\/2012\/01\/SDC12582.jpg?fit=300%2C225&amp;ssl=1\" data-large-file=\"https:\/\/i0.wp.com\/www1.unicap.br\/assecom1\/wp-content\/uploads\/2012\/01\/SDC12582.jpg?fit=640%2C480&amp;ssl=1\" loading=\"lazy\" class=\"alignleft size-thumbnail wp-image-27393\" src=\"https:\/\/i0.wp.com\/www1.unicap.br\/assecom1\/wp-content\/uploads\/2012\/01\/SDC12582.jpg?resize=150%2C150&#038;ssl=1\" alt=\"\" srcset=\"https:\/\/i0.wp.com\/www1.unicap.br\/assecom1\/wp-content\/uploads\/2012\/01\/SDC12582.jpg?resize=150%2C150&amp;ssl=1 150w, https:\/\/i0.wp.com\/www1.unicap.br\/assecom1\/wp-content\/uploads\/2012\/01\/SDC12582.jpg?resize=300%2C300&amp;ssl=1 300w, https:\/\/i0.wp.com\/www1.unicap.br\/assecom1\/wp-content\/uploads\/2012\/01\/SDC12582.jpg?zoom=3&amp;resize=150%2C150&amp;ssl=1 450w\" sizes=\"(max-width: 150px) 100vw, 150px\" data-recalc-dims=\"1\" \/><\/a>Franciele Barbosa, 17, se matriculou no curso de Fisioterapia e ser\u00e1 aluna da institui\u00e7\u00e3o. Franciele conta que o ficou feliz ao ser aprovada no curso que desejava: \u201cEra o que eu queria e consegui passar. Espero que d\u00ea tudo certo e que eu me torne uma profissional competente\u201d, completou.<\/p>\n<p>J\u00e1 na parte da tarde\u00a0foi a vez dos feras dos cursos Fonoaudiologia, Licenciatura em Pedagogia, Servi\u00e7o Social, Bacharelado em Teologia, Com. Social &#8211; Habilita\u00e7\u00e3o em Publicidade e Propaganda, Com. Social Habilita\u00e7\u00e3o em Rela\u00e7\u00f5es P\u00fablicas e\u00a0 Com. Social Habilita\u00e7\u00e3o em Jornalismo fazerem suas matr\u00edculas.<\/p>\n","protected":false},"excerpt":{"rendered":"<p>A manh\u00e3 desta segunda-feira(16) na Universidade Cat\u00f3lica de Pernambuco foi\u00a0reservada para os remanejados dos cursos de Licenciatura e Bacharelado em Ci\u00eancias Biol\u00f3gicas, Fisioterapia, Psicologia, Licenciatura e Bacharelado em Filosofia, Licenciatura em Hist\u00f3ria, Licenciatura em Letras Portugu\u00eas\/Ingl\u00eas e Portugu\u00eas\/Espanhol fazerem suas matr\u00edculas. Franciele Barbosa, 17, se matriculou no curso de Fisioterapia e ser\u00e1 aluna da institui\u00e7\u00e3o. [&hellip;]<\/p>\n","protected":false},"author":20,"featured_media":0,"comment_status":"open","ping_status":"open","sticky":false,"template":"","format":"standard","meta":[],"categories":[4],"tags":[],"jetpack-related-posts":[],"_links":{"self":[{"href":"https:\/\/www1.unicap.br\/assecom1\/wp-json\/wp\/v2\/posts\/27392"}],"collection":[{"href":"https:\/\/www1.unicap.br\/assecom1\/wp-json\/wp\/v2\/posts"}],"about":[{"href":"https:\/\/www1.unicap.br\/assecom1\/wp-json\/wp\/v2\/types\/post"}],"author":[{"embeddable":true,"href":"https:\/\/www1.unicap.br\/assecom1\/wp-json\/wp\/v2\/users\/20"}],"replies":[{"embeddable":true,"href":"https:\/\/www1.unicap.br\/assecom1\/wp-json\/wp\/v2\/comments?post=27392"}],"version-history":[{"count":2,"href":"https:\/\/www1.unicap.br\/assecom1\/wp-json\/wp\/v2\/posts\/27392\/revisions"}],"predecessor-version":[{"id":27395,"href":"https:\/\/www1.unicap.br\/assecom1\/wp-json\/wp\/v2\/posts\/27392\/revisions\/27395"}],"wp:attachment":[{"href":"https:\/\/www1.unicap.br\/assecom1\/wp-json\/wp\/v2\/media?parent=27392"}],"wp:term":[{"taxonomy":"category","embeddable":true,"href":"https:\/\/www1.unicap.br\/assecom1\/wp-json\/wp\/v2\/categories?post=27392"},{"taxonomy":"post_tag","embeddable":true,"href":"https:\/\/www1.unicap.br\/assecom1\/wp-json\/wp\/v2\/tags?post=27392"}],"curies":[{"name":"wp","href":"https:\/\/api.w.org\/{rel}","templated":true}]}}