{"id":27300,"date":"2012-01-10T23:06:57","date_gmt":"2012-01-10T23:06:57","guid":{"rendered":"http:\/\/www.unicap.br\/assecom1\/?p=27300"},"modified":"2012-01-11T14:08:43","modified_gmt":"2012-01-11T14:08:43","slug":"feras-comecam-a-fazer-matricula-na-unicap","status":"publish","type":"post","link":"https:\/\/www1.unicap.br\/assecom1\/feras-comecam-a-fazer-matricula-na-unicap\/","title":{"rendered":"Feras come\u00e7am a fazer matr\u00edcula na Unicap"},"content":{"rendered":"<p><a href=\"https:\/\/i2.wp.com\/www1.unicap.br\/assecom1\/wp-content\/uploads\/2012\/01\/SDC12565.jpg?ssl=1\"><img data-attachment-id=\"27302\" data-permalink=\"https:\/\/www1.unicap.br\/assecom1\/feras-comecam-a-fazer-matricula-na-unicap\/attachment\/27302\/\" data-orig-file=\"https:\/\/i2.wp.com\/www1.unicap.br\/assecom1\/wp-content\/uploads\/2012\/01\/SDC12565.jpg?fit=2592%2C1944&amp;ssl=1\" data-orig-size=\"2592,1944\" data-comments-opened=\"1\" data-image-meta=\"{&quot;aperture&quot;:&quot;2.8&quot;,&quot;credit&quot;:&quot;&quot;,&quot;camera&quot;:&quot;&lt;KENOX S860  \\\/ Samsung S860&gt;&quot;,&quot;caption&quot;:&quot;&quot;,&quot;created_timestamp&quot;:&quot;1289678956&quot;,&quot;copyright&quot;:&quot;COPYRIGHT, 2007&quot;,&quot;focal_length&quot;:&quot;6.3&quot;,&quot;iso&quot;:&quot;200&quot;,&quot;shutter_speed&quot;:&quot;0.066666666666667&quot;,&quot;title&quot;:&quot;&lt;KENOX S860  \\\/ Samsung S860&gt;&quot;}\" data-image-title=\"Feras fazendo a matr\u00edcula\" data-image-description=\"\" data-medium-file=\"https:\/\/i2.wp.com\/www1.unicap.br\/assecom1\/wp-content\/uploads\/2012\/01\/SDC12565.jpg?fit=300%2C225&amp;ssl=1\" data-large-file=\"https:\/\/i2.wp.com\/www1.unicap.br\/assecom1\/wp-content\/uploads\/2012\/01\/SDC12565.jpg?fit=640%2C480&amp;ssl=1\" loading=\"lazy\" class=\"aligncenter size-large wp-image-27302\" src=\"https:\/\/i2.wp.com\/www1.unicap.br\/assecom1\/wp-content\/uploads\/2012\/01\/SDC12565.jpg?resize=640%2C479&#038;ssl=1\" alt=\"\" srcset=\"https:\/\/i2.wp.com\/www1.unicap.br\/assecom1\/wp-content\/uploads\/2012\/01\/SDC12565.jpg?resize=1024%2C768&amp;ssl=1 1024w, https:\/\/i2.wp.com\/www1.unicap.br\/assecom1\/wp-content\/uploads\/2012\/01\/SDC12565.jpg?resize=300%2C225&amp;ssl=1 300w, https:\/\/i2.wp.com\/www1.unicap.br\/assecom1\/wp-content\/uploads\/2012\/01\/SDC12565.jpg?resize=250%2C187&amp;ssl=1 250w, https:\/\/i2.wp.com\/www1.unicap.br\/assecom1\/wp-content\/uploads\/2012\/01\/SDC12565.jpg?w=1280&amp;ssl=1 1280w, https:\/\/i2.wp.com\/www1.unicap.br\/assecom1\/wp-content\/uploads\/2012\/01\/SDC12565.jpg?w=1920&amp;ssl=1 1920w\" sizes=\"(max-width: 640px) 100vw, 640px\" data-recalc-dims=\"1\" \/><\/a>Come\u00e7aram nesta segunda-feira (9) as matr\u00edculas dos alunos que prestaram o vestibular 2012.1 da Universidade Cat\u00f3lica de Pernambuco. Nesta primeira manh\u00e3, os feras se dirigiram aos audit\u00f3rios G1 e G2, no bloco G, e puderam se inscrever nos cursos de Licenciatura e Bacharelado em Ci\u00eancias Biol\u00f3gicas, Fisioterapia, Psicologia, Licenciatura e Bacharelado em Filosofia, Licenciatura em Hist\u00f3ria, Licenciatura em Letras (Portugu\u00eas\/Ingl\u00eas e Portugu\u00eas\/Espanhol).<\/p>\n<p><a href=\"https:\/\/i2.wp.com\/www1.unicap.br\/assecom1\/wp-content\/uploads\/2012\/01\/SDC12556.jpg?ssl=1\"><img data-attachment-id=\"27303\" data-permalink=\"https:\/\/www1.unicap.br\/assecom1\/feras-comecam-a-fazer-matricula-na-unicap\/attachment\/27303\/\" data-orig-file=\"https:\/\/i2.wp.com\/www1.unicap.br\/assecom1\/wp-content\/uploads\/2012\/01\/SDC12556.jpg?fit=2592%2C1944&amp;ssl=1\" data-orig-size=\"2592,1944\" data-comments-opened=\"1\" data-image-meta=\"{&quot;aperture&quot;:&quot;2.8&quot;,&quot;credit&quot;:&quot;&quot;,&quot;camera&quot;:&quot;&lt;KENOX S860  \\\/ Samsung S860&gt;&quot;,&quot;caption&quot;:&quot;&quot;,&quot;created_timestamp&quot;:&quot;1289678026&quot;,&quot;copyright&quot;:&quot;COPYRIGHT, 2007&quot;,&quot;focal_length&quot;:&quot;6.3&quot;,&quot;iso&quot;:&quot;100&quot;,&quot;shutter_speed&quot;:&quot;0.022222222222222&quot;,&quot;title&quot;:&quot;&lt;KENOX S860  \\\/ Samsung S860&gt;&quot;}\" data-image-title=\"Bruna Fittipaldi\" data-image-description=\"\" data-medium-file=\"https:\/\/i2.wp.com\/www1.unicap.br\/assecom1\/wp-content\/uploads\/2012\/01\/SDC12556.jpg?fit=300%2C225&amp;ssl=1\" data-large-file=\"https:\/\/i2.wp.com\/www1.unicap.br\/assecom1\/wp-content\/uploads\/2012\/01\/SDC12556.jpg?fit=640%2C480&amp;ssl=1\" loading=\"lazy\" class=\"alignleft size-thumbnail wp-image-27303\" title=\"Bruna Fittipaldi\" src=\"https:\/\/i2.wp.com\/www1.unicap.br\/assecom1\/wp-content\/uploads\/2012\/01\/SDC12556.jpg?resize=150%2C150&#038;ssl=1\" alt=\"\" srcset=\"https:\/\/i2.wp.com\/www1.unicap.br\/assecom1\/wp-content\/uploads\/2012\/01\/SDC12556.jpg?resize=150%2C150&amp;ssl=1 150w, https:\/\/i2.wp.com\/www1.unicap.br\/assecom1\/wp-content\/uploads\/2012\/01\/SDC12556.jpg?resize=300%2C300&amp;ssl=1 300w, https:\/\/i2.wp.com\/www1.unicap.br\/assecom1\/wp-content\/uploads\/2012\/01\/SDC12556.jpg?zoom=3&amp;resize=150%2C150&amp;ssl=1 450w\" sizes=\"(max-width: 150px) 100vw, 150px\" data-recalc-dims=\"1\" \/><\/a>A futura aluna do curso de Psicologia da Unicap e ex-aluna do Col\u00e9gio NAP, Bruna Fittipaldi, 18, contou as suas expectativas para a sua vida de universit\u00e1ria: \u201cEspero conhecer novas pessoas e ver o mundo diferente do que eu via de dentro do Col\u00e9gio\u201d. J\u00e1 Gabriela Cavalcanti, que tamb\u00e9m se matriculou no curso de Psicologia, disse estar ansiosa para come\u00e7ar o curso. \u201cSou louca por psicologia, adoro coisas relacionas com o ser humano\u201d, contou Gabriela, que afirma ter escolhido a Cat\u00f3lica por sua tradi\u00e7\u00e3o e pelo reconhecimento do curso que a institui\u00e7\u00e3o oferece. Maria de Jesus, av\u00f3 de Gabriela, que veio acompanh\u00e1-la na hora de realizar a matr\u00edcula, disse que a escolha da Unicap foi tamb\u00e9m uma decis\u00e3o da fam\u00edlia, que reconhece a qualidade dos cursos oferecidos pela Universidade.<a href=\"https:\/\/i1.wp.com\/www1.unicap.br\/assecom1\/wp-content\/uploads\/2012\/01\/SDC12559.jpg?ssl=1\"><img data-attachment-id=\"27304\" data-permalink=\"https:\/\/www1.unicap.br\/assecom1\/feras-comecam-a-fazer-matricula-na-unicap\/attachment\/27304\/\" data-orig-file=\"https:\/\/i1.wp.com\/www1.unicap.br\/assecom1\/wp-content\/uploads\/2012\/01\/SDC12559.jpg?fit=2592%2C1944&amp;ssl=1\" data-orig-size=\"2592,1944\" data-comments-opened=\"1\" data-image-meta=\"{&quot;aperture&quot;:&quot;2.8&quot;,&quot;credit&quot;:&quot;&quot;,&quot;camera&quot;:&quot;&lt;KENOX S860  \\\/ Samsung S860&gt;&quot;,&quot;caption&quot;:&quot;&quot;,&quot;created_timestamp&quot;:&quot;1289678633&quot;,&quot;copyright&quot;:&quot;COPYRIGHT, 2007&quot;,&quot;focal_length&quot;:&quot;6.3&quot;,&quot;iso&quot;:&quot;100&quot;,&quot;shutter_speed&quot;:&quot;0.022222222222222&quot;,&quot;title&quot;:&quot;&lt;KENOX S860  \\\/ Samsung S860&gt;&quot;}\" data-image-title=\"Gabriela e Maria, neta e av\u00f3 esperam a matr\u00edcula\" data-image-description=\"\" data-medium-file=\"https:\/\/i1.wp.com\/www1.unicap.br\/assecom1\/wp-content\/uploads\/2012\/01\/SDC12559.jpg?fit=300%2C225&amp;ssl=1\" data-large-file=\"https:\/\/i1.wp.com\/www1.unicap.br\/assecom1\/wp-content\/uploads\/2012\/01\/SDC12559.jpg?fit=640%2C480&amp;ssl=1\" loading=\"lazy\" class=\"alignright size-thumbnail wp-image-27304\" title=\"Gabriela e Maria, neta e av\u00f3 esperam a matr\u00edcula\" src=\"https:\/\/i1.wp.com\/www1.unicap.br\/assecom1\/wp-content\/uploads\/2012\/01\/SDC12559.jpg?resize=150%2C150&#038;ssl=1\" alt=\"\" srcset=\"https:\/\/i1.wp.com\/www1.unicap.br\/assecom1\/wp-content\/uploads\/2012\/01\/SDC12559.jpg?resize=150%2C150&amp;ssl=1 150w, https:\/\/i1.wp.com\/www1.unicap.br\/assecom1\/wp-content\/uploads\/2012\/01\/SDC12559.jpg?resize=300%2C300&amp;ssl=1 300w, https:\/\/i1.wp.com\/www1.unicap.br\/assecom1\/wp-content\/uploads\/2012\/01\/SDC12559.jpg?zoom=3&amp;resize=150%2C150&amp;ssl=1 450w\" sizes=\"(max-width: 150px) 100vw, 150px\" data-recalc-dims=\"1\" \/><\/a><\/p>\n<p>Outro futuro aluno da Cat\u00f3lica que tamb\u00e9m estava presente para realizar a sua matr\u00edcula foi Jos\u00e9 Roberto, 23. Jos\u00e9 terminou o curso de Filosofia recentemente e agora ir\u00e1 cursar o Bacharelado em Teologia por uma exig\u00eancia do estilo de vida que escolheu. \u201cEscolhi a Unicap por ser a \u00fanica institui\u00e7\u00e3o que oferece o curso em Recife e por ter uma qualidade ineg\u00e1vel\u201d, afirmou Jos\u00e9 Roberto.<\/p>\n<p>DIA: 10\/01\/2012<br \/>\n08h 30min \u00e0s 11h<br \/>\nGI: Tec. em Eventos &#8211; Tec. Gest\u00e3o Hospitalar &#8211; Tec. Gest\u00e3o Portu\u00e1ria &#8211; Tec. Gest\u00e3o em Turismo \u2013 Tec. em Fotografia \u2013 Tec. em Jogos Digitais<br \/>\nGII: Administra\u00e7\u00e3o &#8211; Ci\u00eancias Cont\u00e1beis &#8211; Ci\u00eancias Econ\u00f4micas<\/p>\n<p>13h 30min \u00e0s 16h<br \/>\nGI: Engenharia Ambiental \u2013 Engenharia Qu\u00edmica &#8211; Qu\u00edmica (Lic.)<br \/>\nGII: Direito (1\u00aa entrada \u2013 Manh\u00e3 e Noite)<\/p>\n<p>DIA: 11\/01\/2012<br \/>\n08h 30min \u00e0s 11h<br \/>\nGI: Arquitetura e Urbanismo \u2013 Ci\u00eancia da Computa\u00e7\u00e3o<br \/>\nGII: Direito (2\u00aa entrada \u2013 Manh\u00e3 e Noite)<\/p>\n<p>13h 30min \u00e0s 16h<br \/>\nGII: Engenharia Civil &#8211; F\u00edsica (Lic.) \u2013 Matem\u00e1tica (Lic.)<\/p>\n","protected":false},"excerpt":{"rendered":"<p>Come\u00e7aram nesta segunda-feira (9) as matr\u00edculas dos alunos que prestaram o vestibular 2012.1 da Universidade Cat\u00f3lica de Pernambuco. Nesta primeira manh\u00e3, os feras se dirigiram aos audit\u00f3rios G1 e G2, no bloco G, e puderam se inscrever nos cursos de Licenciatura e Bacharelado em Ci\u00eancias Biol\u00f3gicas, Fisioterapia, Psicologia, Licenciatura e Bacharelado em Filosofia, Licenciatura em [&hellip;]<\/p>\n","protected":false},"author":20,"featured_media":0,"comment_status":"open","ping_status":"open","sticky":false,"template":"","format":"standard","meta":[],"categories":[4],"tags":[],"jetpack-related-posts":[],"_links":{"self":[{"href":"https:\/\/www1.unicap.br\/assecom1\/wp-json\/wp\/v2\/posts\/27300"}],"collection":[{"href":"https:\/\/www1.unicap.br\/assecom1\/wp-json\/wp\/v2\/posts"}],"about":[{"href":"https:\/\/www1.unicap.br\/assecom1\/wp-json\/wp\/v2\/types\/post"}],"author":[{"embeddable":true,"href":"https:\/\/www1.unicap.br\/assecom1\/wp-json\/wp\/v2\/users\/20"}],"replies":[{"embeddable":true,"href":"https:\/\/www1.unicap.br\/assecom1\/wp-json\/wp\/v2\/comments?post=27300"}],"version-history":[{"count":6,"href":"https:\/\/www1.unicap.br\/assecom1\/wp-json\/wp\/v2\/posts\/27300\/revisions"}],"predecessor-version":[{"id":27335,"href":"https:\/\/www1.unicap.br\/assecom1\/wp-json\/wp\/v2\/posts\/27300\/revisions\/27335"}],"wp:attachment":[{"href":"https:\/\/www1.unicap.br\/assecom1\/wp-json\/wp\/v2\/media?parent=27300"}],"wp:term":[{"taxonomy":"category","embeddable":true,"href":"https:\/\/www1.unicap.br\/assecom1\/wp-json\/wp\/v2\/categories?post=27300"},{"taxonomy":"post_tag","embeddable":true,"href":"https:\/\/www1.unicap.br\/assecom1\/wp-json\/wp\/v2\/tags?post=27300"}],"curies":[{"name":"wp","href":"https:\/\/api.w.org\/{rel}","templated":true}]}}