{"id":2583,"date":"2010-04-30T18:09:15","date_gmt":"2010-04-30T21:09:15","guid":{"rendered":"http:\/\/www.unicap.br\/assecom1\/?p=2583"},"modified":"2010-04-30T18:09:15","modified_gmt":"2010-04-30T21:09:15","slug":"curso-de-administracao-realiza-palestra-sobre-gestao-integrada-de-riscos","status":"publish","type":"post","link":"https:\/\/www1.unicap.br\/assecom1\/curso-de-administracao-realiza-palestra-sobre-gestao-integrada-de-riscos\/","title":{"rendered":"Curso de Administra\u00e7\u00e3o realiza palestra sobre Gest\u00e3o Integrada de Riscos"},"content":{"rendered":"<p>O curso de Administra\u00e7\u00e3o da Universidade Cat\u00f3lica de Pernambuco ir\u00e1 promover a palestra <em>Gest\u00e3o Integrada de Riscos<\/em>, nesta quarta-feira (5), \u00e0s 19h, no audit\u00f3rio G1. O evento est\u00e1 sendo organizado pela coordena\u00e7\u00e3o do curso.<\/p>\n<p>O adjunto da diretoria Econ\u00f4mico-financeira da Eletrobras\/Chesf e diretor regional da Associa\u00e7\u00e3o Brasileira de Ger\u00eancia de Riscos (ABGR), Roberto Rodrigues Almeida, ser\u00e1 o palestrante. Na ocasi\u00e3o, o convidado, especialista e respons\u00e1vel pelo projeto e implanta\u00e7\u00e3o do setor da Chesf, ir\u00e1 explorar a larga experi\u00eancia que possui para proporcionar aos alunos novas informa\u00e7\u00f5es sobre a \u00e1rea.<\/p>\n<p>\u201cA proposta \u00e9 apresentar uma metodologia de gest\u00e3o integrada de riscos e sua import\u00e2ncia para o administrador. \u00c9 um tema que est\u00e1 sendo bastante abordado\u201d, afirmou o coordenador do curso, professor Ant\u00f4nio Merc\u00eas.<\/p>\n<p><strong>Servi\u00e7o:<\/strong><br \/>\n<strong>Palestra Gest\u00e3o Integrada de Riscos<br \/>\nMinistrante:<\/strong> Roberto Rodrigues Almeida<br \/>\n<strong>Local:<\/strong> Audit\u00f3rio G1, bloco G\u00a0&#8211; Universidade Cat\u00f3lica de Pernambuco<br \/>\n<strong>Hor\u00e1rio:<\/strong> 19h<\/p>\n","protected":false},"excerpt":{"rendered":"<p>O curso de Administra\u00e7\u00e3o da Universidade Cat\u00f3lica de Pernambuco ir\u00e1 promover a palestra Gest\u00e3o Integrada de Riscos, nesta quarta-feira (5), \u00e0s 19h, no audit\u00f3rio G1. O evento est\u00e1 sendo organizado pela coordena\u00e7\u00e3o do curso. O adjunto da diretoria Econ\u00f4mico-financeira da Eletrobras\/Chesf e diretor regional da Associa\u00e7\u00e3o Brasileira de Ger\u00eancia de Riscos (ABGR), Roberto Rodrigues Almeida, [&hellip;]<\/p>\n","protected":false},"author":7,"featured_media":0,"comment_status":"open","ping_status":"open","sticky":false,"template":"","format":"standard","meta":[],"categories":[4],"tags":[],"jetpack-related-posts":[],"_links":{"self":[{"href":"https:\/\/www1.unicap.br\/assecom1\/wp-json\/wp\/v2\/posts\/2583"}],"collection":[{"href":"https:\/\/www1.unicap.br\/assecom1\/wp-json\/wp\/v2\/posts"}],"about":[{"href":"https:\/\/www1.unicap.br\/assecom1\/wp-json\/wp\/v2\/types\/post"}],"author":[{"embeddable":true,"href":"https:\/\/www1.unicap.br\/assecom1\/wp-json\/wp\/v2\/users\/7"}],"replies":[{"embeddable":true,"href":"https:\/\/www1.unicap.br\/assecom1\/wp-json\/wp\/v2\/comments?post=2583"}],"version-history":[{"count":0,"href":"https:\/\/www1.unicap.br\/assecom1\/wp-json\/wp\/v2\/posts\/2583\/revisions"}],"wp:attachment":[{"href":"https:\/\/www1.unicap.br\/assecom1\/wp-json\/wp\/v2\/media?parent=2583"}],"wp:term":[{"taxonomy":"category","embeddable":true,"href":"https:\/\/www1.unicap.br\/assecom1\/wp-json\/wp\/v2\/categories?post=2583"},{"taxonomy":"post_tag","embeddable":true,"href":"https:\/\/www1.unicap.br\/assecom1\/wp-json\/wp\/v2\/tags?post=2583"}],"curies":[{"name":"wp","href":"https:\/\/api.w.org\/{rel}","templated":true}]}}