{"id":24030,"date":"2011-09-23T13:32:44","date_gmt":"2011-09-23T13:32:44","guid":{"rendered":"http:\/\/www.unicap.br\/assecom1\/?p=24030"},"modified":"2011-09-23T13:32:44","modified_gmt":"2011-09-23T13:32:44","slug":"madrigal-fara-recital-em-homenagem-aos-60-anos-da-catolica","status":"publish","type":"post","link":"https:\/\/www1.unicap.br\/assecom1\/madrigal-fara-recital-em-homenagem-aos-60-anos-da-catolica\/","title":{"rendered":"Madrigal far\u00e1 recital em homenagem aos 60 anos da Cat\u00f3lica"},"content":{"rendered":"<p>O Madrigal da Universidade Cat\u00f3lica de Pernambuco vai realizar recital, na\u00a0noite de\u00a0ter\u00e7a-feira (23), no Teatro de Santa Isabel, em comemora\u00e7\u00e3o aos 60 anos da Unicap. A reg\u00eancia ficar\u00e1 a cargo do maestro Lindbergh Pires. Irm\u00e3o Pires, como \u00e9 conhecido na Unicap, \u00e9 natural de Teresina, Piau\u00ed. Desde sua juventude esteve em sintonia com a m\u00fasica. Iniciou-se nela pelo antigo coral Nossa Senhora do Amparo, atrav\u00e9s da maestrina Cl\u00f3ris de Carvalho.<\/p>\n<p>As comemora\u00e7\u00f5es dos 60 anos come\u00e7ar\u00e3o logo cedo. \u00c0s 8h30, um bolo oferecido pela Bunge Alimentos ser\u00e1 servido aos professores, alunos e funcion\u00e1rios, no hall do bloco G. \u00c0s 11h , haver\u00e1\u00a0uma celebra\u00e7\u00e3o eucar\u00edstica, no Santu\u00e1rio Nossa Senhora de F\u00e1tima. \u00c0\u00a0noite, \u00e0s 19h,\u00a0ser\u00e1 realizada a solenidade\u00a0no Teatro de Santa Isabel, com o recital comemorativo aos 60 anos de funda\u00e7\u00e3o da Unicap, \u201cA M\u00fasica Coral nas Redu\u00e7\u00f5es Jesu\u00edtas\u201d.<\/p>\n<p>\u00c0s 20h ser\u00e1 feita a entrega da medalha <em>Ex Corde Ecclediae <\/em>\u00e0 Unicap pela Federa\u00e7\u00e3o Internacional de Universidades Cat\u00f3licas (Fiuc).\u00a0A condecora\u00e7\u00e3o\u00a0normalmente somente \u00e9 concedida para universidades com mais de 400 anos de funda\u00e7\u00e3o e funcionamento. A Unicap ser\u00e1 a primeira no Brasil a receber essa condecora\u00e7\u00e3o, motivo de orgulho para o Recife e Pernambuco, j\u00e1 que esse t\u00edtulo propiciar\u00e1, nessa rede internacional, a refer\u00eancia permanente da Unicap e do Recife como centro de excel\u00eancia de ensino.<\/p>\n<p>Logo ap\u00f3s a premia\u00e7\u00e3o, ser\u00e3o ouvidas as\u00a0palavras do secret\u00e1rio geral da Fiuc, professor Monsenhor Guy-R\u00e9al Thivierge; tamb\u00e9m falar\u00e1 o Reitor da Universidade Cat\u00f3lica de Pernambuco, Padre Pedro Rubens. Haver\u00e1\u00a0tamb\u00e9m a exibi\u00e7\u00e3o do v\u00eddeo institucional comemorativos aos 60 anos da Unicap.<\/p>\n<p>\u00c0s 20h30 ser\u00e1 feita a entrega do trof\u00e9u Asa Branca para autoridades homenageadas: o Governador do Estado de Pernambuco, Eduardo Campos; o Prefeito da Cidade do Recife, Jo\u00e3o da Costa; ; e os reitores da UFPE, UFRPE e UPE e o Arcebispo de Olinda e Recife.<\/p>\n<p>\u00c0s 21h40 ser\u00e1 realizada a apresenta\u00e7\u00e3o do grupo MPB Unicap com repert\u00f3rio incluindo sucessos como\u00a0\u201cAsa Branca\u201d (Luiz Gonzaga\/Humbeto Teixeira), \u201cEu s\u00f3 quero um xod\u00f3\u201d (Dominguinhos e Anast\u00e1sia), \u201cCora\u00e7\u00e3o bobo\u201d (Alceu Valen\u00e7a), entre outras.<\/p>\n","protected":false},"excerpt":{"rendered":"<p>O Madrigal da Universidade Cat\u00f3lica de Pernambuco vai realizar recital, na\u00a0noite de\u00a0ter\u00e7a-feira (23), no Teatro de Santa Isabel, em comemora\u00e7\u00e3o aos 60 anos da Unicap. A reg\u00eancia ficar\u00e1 a cargo do maestro Lindbergh Pires. Irm\u00e3o Pires, como \u00e9 conhecido na Unicap, \u00e9 natural de Teresina, Piau\u00ed. Desde sua juventude esteve em sintonia com a m\u00fasica. [&hellip;]<\/p>\n","protected":false},"author":29,"featured_media":0,"comment_status":"open","ping_status":"open","sticky":false,"template":"","format":"standard","meta":[],"categories":[4],"tags":[],"jetpack-related-posts":[],"_links":{"self":[{"href":"https:\/\/www1.unicap.br\/assecom1\/wp-json\/wp\/v2\/posts\/24030"}],"collection":[{"href":"https:\/\/www1.unicap.br\/assecom1\/wp-json\/wp\/v2\/posts"}],"about":[{"href":"https:\/\/www1.unicap.br\/assecom1\/wp-json\/wp\/v2\/types\/post"}],"author":[{"embeddable":true,"href":"https:\/\/www1.unicap.br\/assecom1\/wp-json\/wp\/v2\/users\/29"}],"replies":[{"embeddable":true,"href":"https:\/\/www1.unicap.br\/assecom1\/wp-json\/wp\/v2\/comments?post=24030"}],"version-history":[{"count":3,"href":"https:\/\/www1.unicap.br\/assecom1\/wp-json\/wp\/v2\/posts\/24030\/revisions"}],"predecessor-version":[{"id":24297,"href":"https:\/\/www1.unicap.br\/assecom1\/wp-json\/wp\/v2\/posts\/24030\/revisions\/24297"}],"wp:attachment":[{"href":"https:\/\/www1.unicap.br\/assecom1\/wp-json\/wp\/v2\/media?parent=24030"}],"wp:term":[{"taxonomy":"category","embeddable":true,"href":"https:\/\/www1.unicap.br\/assecom1\/wp-json\/wp\/v2\/categories?post=24030"},{"taxonomy":"post_tag","embeddable":true,"href":"https:\/\/www1.unicap.br\/assecom1\/wp-json\/wp\/v2\/tags?post=24030"}],"curies":[{"name":"wp","href":"https:\/\/api.w.org\/{rel}","templated":true}]}}