{"id":18750,"date":"2011-05-14T20:51:49","date_gmt":"2011-05-14T20:51:49","guid":{"rendered":"http:\/\/www.unicap.br\/assecom1\/?p=18750"},"modified":"2011-05-14T20:51:49","modified_gmt":"2011-05-14T20:51:49","slug":"6%c2%ba-encontro-internacional-das-aguas-debate-os-impactos-das-mudancas-climaticas-sobre-os-estuarios-e-manguezais","status":"publish","type":"post","link":"https:\/\/www1.unicap.br\/assecom1\/6%c2%ba-encontro-internacional-das-aguas-debate-os-impactos-das-mudancas-climaticas-sobre-os-estuarios-e-manguezais\/","title":{"rendered":"6\u00ba Encontro Internacional das \u00c1guas debate os impactos das mudan\u00e7as clim\u00e1ticas sobre os estu\u00e1rios e manguezais"},"content":{"rendered":"<figure id=\"attachment_18752\" aria-describedby=\"caption-attachment-18752\" style=\"width: 300px\" class=\"wp-caption alignnone\"><a href=\"https:\/\/i0.wp.com\/www1.unicap.br\/assecom1\/wp-content\/uploads\/2011\/05\/Paulo-Maia-65.jpg?ssl=1\"><img data-attachment-id=\"18752\" data-permalink=\"https:\/\/www1.unicap.br\/assecom1\/6%c2%ba-encontro-internacional-das-aguas-debate-os-impactos-das-mudancas-climaticas-sobre-os-estuarios-e-manguezais\/paulo-maia-6-7\/\" data-orig-file=\"https:\/\/i0.wp.com\/www1.unicap.br\/assecom1\/wp-content\/uploads\/2011\/05\/Paulo-Maia-65.jpg?fit=800%2C533&amp;ssl=1\" data-orig-size=\"800,533\" data-comments-opened=\"1\" data-image-meta=\"{&quot;aperture&quot;:&quot;1.8&quot;,&quot;credit&quot;:&quot;&quot;,&quot;camera&quot;:&quot;NIKON D200&quot;,&quot;caption&quot;:&quot;&quot;,&quot;created_timestamp&quot;:&quot;1305222117&quot;,&quot;copyright&quot;:&quot;&quot;,&quot;focal_length&quot;:&quot;35&quot;,&quot;iso&quot;:&quot;400&quot;,&quot;shutter_speed&quot;:&quot;0.033333333333333&quot;,&quot;title&quot;:&quot;&quot;}\" data-image-title=\"Confer\u00eancia: Impacto ambiental em regi\u00e3o estuarina\" data-image-description=\"\" data-medium-file=\"https:\/\/i0.wp.com\/www1.unicap.br\/assecom1\/wp-content\/uploads\/2011\/05\/Paulo-Maia-65.jpg?fit=300%2C199&amp;ssl=1\" data-large-file=\"https:\/\/i0.wp.com\/www1.unicap.br\/assecom1\/wp-content\/uploads\/2011\/05\/Paulo-Maia-65.jpg?fit=640%2C426&amp;ssl=1\" loading=\"lazy\" class=\"size-medium wp-image-18752\" title=\"Confer\u00eancia: Impacto ambiental em regi\u00e3o estuarina\" src=\"https:\/\/i0.wp.com\/www1.unicap.br\/assecom1\/wp-content\/uploads\/2011\/05\/Paulo-Maia-65.jpg?resize=300%2C199&#038;ssl=1\" alt=\"\" srcset=\"https:\/\/i0.wp.com\/www1.unicap.br\/assecom1\/wp-content\/uploads\/2011\/05\/Paulo-Maia-65.jpg?resize=300%2C199&amp;ssl=1 300w, https:\/\/i0.wp.com\/www1.unicap.br\/assecom1\/wp-content\/uploads\/2011\/05\/Paulo-Maia-65.jpg?w=800&amp;ssl=1 800w\" sizes=\"(max-width: 300px) 100vw, 300px\" data-recalc-dims=\"1\" \/><\/a><figcaption id=\"caption-attachment-18752\" class=\"wp-caption-text\">Fotos: Paulo Maia<\/figcaption><\/figure>\n<p>O 6\u00ba Encontro Internacional das \u00c1guas promoveu,\u00a0na noite de quinta-feira (12), no audit\u00f3rio G2, a confer\u00eancia &#8220;Impacto das mudan\u00e7as clim\u00e1ticas sobre estu\u00e1rios e manguezais&#8221;,\u00a0proferida pelo Prof. Dr. Clemente Coelho J\u00fanior, da UPE. Em sua apresenta\u00e7\u00e3o, o pesquisador abordou as seguintes quest\u00f5es:<\/p>\n<p><a href=\"https:\/\/i2.wp.com\/www1.unicap.br\/assecom1\/wp-content\/uploads\/2011\/05\/Paulo-Maia2.jpg?ssl=1\"><img data-attachment-id=\"18753\" data-permalink=\"https:\/\/www1.unicap.br\/assecom1\/6%c2%ba-encontro-internacional-das-aguas-debate-os-impactos-das-mudancas-climaticas-sobre-os-estuarios-e-manguezais\/paulo-maia-10\/\" data-orig-file=\"https:\/\/i1.wp.com\/www1.unicap.br\/assecom1\/wp-content\/uploads\/2011\/05\/Paulo-Maia2-e1305298001419.jpg?fit=150%2C150&amp;ssl=1\" data-orig-size=\"150,150\" data-comments-opened=\"1\" data-image-meta=\"{&quot;aperture&quot;:&quot;2.8&quot;,&quot;credit&quot;:&quot;&quot;,&quot;camera&quot;:&quot;NIKON D200&quot;,&quot;caption&quot;:&quot;&quot;,&quot;created_timestamp&quot;:&quot;1305222650&quot;,&quot;copyright&quot;:&quot;&quot;,&quot;focal_length&quot;:&quot;35&quot;,&quot;iso&quot;:&quot;400&quot;,&quot;shutter_speed&quot;:&quot;0.016666666666667&quot;,&quot;title&quot;:&quot;&quot;}\" data-image-title=\"Confer\u00eancia: Impacto ambiental em regi\u00e3o estuarina\" data-image-description=\"\" data-medium-file=\"https:\/\/i1.wp.com\/www1.unicap.br\/assecom1\/wp-content\/uploads\/2011\/05\/Paulo-Maia2-e1305298001419.jpg?fit=150%2C150&amp;ssl=1\" data-large-file=\"https:\/\/i1.wp.com\/www1.unicap.br\/assecom1\/wp-content\/uploads\/2011\/05\/Paulo-Maia2-e1305298001419.jpg?fit=150%2C150&amp;ssl=1\" loading=\"lazy\" class=\"alignright size-thumbnail wp-image-18753\" title=\"Confer\u00eancia: Impacto ambiental em regi\u00e3o estuarina\" src=\"https:\/\/i1.wp.com\/www1.unicap.br\/assecom1\/wp-content\/uploads\/2011\/05\/Paulo-Maia2-e1305298001419.jpg?resize=150%2C150&#038;ssl=1\" alt=\"\" data-recalc-dims=\"1\" \/><\/a><\/p>\n<p>\u201cOs manguezais s\u00e3o extremamente importantes para a sociedade, apresentando servi\u00e7os ambientais importantes que s\u00e3o bons bioindicadores do aquecimento global e da mudan\u00e7a clim\u00e1tica, pois eles acabam respondendo tanto pelo aumento da temperatura quanto pela eleva\u00e7\u00e3o do n\u00edvel m\u00e9dio relativo dos mares. Essa\u00a0press\u00e3o antr\u00f3pica (rela\u00e7\u00e3o \u00e0 a\u00e7\u00e3o do homem) das atividades socioecon\u00f4micas tem colocado em risco a manuten\u00e7\u00e3o desse ecossistema.\u201d<\/p>\n<p><a href=\"https:\/\/i1.wp.com\/www1.unicap.br\/assecom1\/wp-content\/uploads\/2011\/05\/Paulo-Maia-33.jpg?ssl=1\"><img data-attachment-id=\"18751\" data-permalink=\"https:\/\/www1.unicap.br\/assecom1\/6%c2%ba-encontro-internacional-das-aguas-debate-os-impactos-das-mudancas-climaticas-sobre-os-estuarios-e-manguezais\/paulo-maia-3-6\/\" data-orig-file=\"https:\/\/i1.wp.com\/www1.unicap.br\/assecom1\/wp-content\/uploads\/2011\/05\/Paulo-Maia-33.jpg?fit=800%2C536&amp;ssl=1\" data-orig-size=\"800,536\" data-comments-opened=\"1\" data-image-meta=\"{&quot;aperture&quot;:&quot;1.8&quot;,&quot;credit&quot;:&quot;&quot;,&quot;camera&quot;:&quot;NIKON D200&quot;,&quot;caption&quot;:&quot;&quot;,&quot;created_timestamp&quot;:&quot;1305222017&quot;,&quot;copyright&quot;:&quot;&quot;,&quot;focal_length&quot;:&quot;35&quot;,&quot;iso&quot;:&quot;400&quot;,&quot;shutter_speed&quot;:&quot;0.033333333333333&quot;,&quot;title&quot;:&quot;&quot;}\" data-image-title=\"Confer\u00eancia: Impacto ambiental em regi\u00e3o estuarina\" data-image-description=\"\" data-medium-file=\"https:\/\/i1.wp.com\/www1.unicap.br\/assecom1\/wp-content\/uploads\/2011\/05\/Paulo-Maia-33.jpg?fit=300%2C201&amp;ssl=1\" data-large-file=\"https:\/\/i1.wp.com\/www1.unicap.br\/assecom1\/wp-content\/uploads\/2011\/05\/Paulo-Maia-33.jpg?fit=640%2C429&amp;ssl=1\" loading=\"lazy\" class=\"alignleft size-thumbnail wp-image-18751\" title=\"Confer\u00eancia: Impacto ambiental em regi\u00e3o estuarina\" src=\"https:\/\/i1.wp.com\/www1.unicap.br\/assecom1\/wp-content\/uploads\/2011\/05\/Paulo-Maia-33.jpg?resize=150%2C150&#038;ssl=1\" alt=\"\" srcset=\"https:\/\/i1.wp.com\/www1.unicap.br\/assecom1\/wp-content\/uploads\/2011\/05\/Paulo-Maia-33.jpg?resize=150%2C150&amp;ssl=1 150w, https:\/\/i1.wp.com\/www1.unicap.br\/assecom1\/wp-content\/uploads\/2011\/05\/Paulo-Maia-33.jpg?zoom=2&amp;resize=150%2C150&amp;ssl=1 300w, https:\/\/i1.wp.com\/www1.unicap.br\/assecom1\/wp-content\/uploads\/2011\/05\/Paulo-Maia-33.jpg?zoom=3&amp;resize=150%2C150&amp;ssl=1 450w\" sizes=\"(max-width: 150px) 100vw, 150px\" data-recalc-dims=\"1\" \/><\/a>\u201cOs manguezais v\u00e3o responder a essa eleva\u00e7\u00e3o do mar, assim como eu falei sobre o aumento da temperatura, mas tem que haver \u00e1rea para que eles migrem. Ent\u00e3o, geralmente a parte de tr\u00e1s do manguezal, onde se encontra o apicuns e salgados, s\u00e3o plan\u00edcies que normalmente j\u00e1 recebem as mar\u00e9s mais altas. Ent\u00e3o, aos poucos, se a mar\u00e9 for elevando, atenuando o efeito da salinidade dessas \u00e1reas, s\u00e3o as melhores \u00e1reas para que o manguezal colonize e venham formar florestas e mangues.\u201d<\/p>\n<p>\u201cEu acho que as causas, pela eleva\u00e7\u00e3o do n\u00edvel m\u00e9dio relativo dos mares, est\u00e3o relacionadas ao efeito estufa. Eu confesso que s\u00e3o 2.500 cientistas que aceitam essa teoria contra, claro, algumas dezenas deles que s\u00e3o cientistas c\u00e9ticos, que n\u00e3o acreditam. Eu acredito nos 2.500, mas tor\u00e7o pelos poucos que s\u00e3o c\u00e9ticos.\u201d<\/p>\n<p>\u201cSem d\u00favida nenhuma a alternativa para mudar essa situa\u00e7\u00e3o de degrada\u00e7\u00e3o do meio ambiente \u00e9 a educa\u00e7\u00e3o. Educa\u00e7\u00e3o, melhoria de infraestrutura, saneamento b\u00e1sico nas cidades e, principalmente, recupera\u00e7\u00e3o das \u00e1reas degradadas.\u201d<\/p>\n<p>\u201cA import\u00e2ncia do Encontro Internacional das \u00c1guas \u00e9 a forma\u00e7\u00e3o, forma\u00e7\u00e3o das pessoas, forma\u00e7\u00e3o e informa\u00e7\u00e3o. \u00c9\u00a0passar aquilo que n\u00f3s cientistas, educadores, temos para passar. Quando ficamos presos dentro dos nossos laborat\u00f3rios, a gente n\u00e3o est\u00e1 contribuindo tanto quanto em\u00a0um evento como este, que acaba\u00a0reunindo muitos estudantes e profissionais.\u201d<\/p>\n<p>A diretora do Centro de Ci\u00eancias e Tecnologia da Unicap\u00a0e presidente do comit\u00ea organizador do 6\u00ba EIA, falou sobre a confer\u00eancia. \u201cA confer\u00eancia do professor Clemente foi muito interessante porque o mangue \u00e9 um ecossistema que n\u00e3o \u00e9 muito olhado pelas pessoas.\u00a0Mas que\u00a0vem ocasionar essas mudan\u00e7as clim\u00e1ticas.\u00a0A gente s\u00f3 fica pensando em rios e oceanos e esquece que o mangue \u00e9 um ambiente at\u00e9 controlador desses problemas que podem acontecer pela influ\u00eancia dessas mudan\u00e7as clim\u00e1ticas no recurso h\u00eddrico. Ent\u00e3o, ele mostrou que a gente tem que olhar para esse ecossistema, n\u00e3o como ambiente negativo que possa ser impactado, mas como ambiente controlador dos problemas que possam acontecer: eleva\u00e7\u00e3o de \u00e1gua, ou de rio, ou de oceano para o meio urbano. Ent\u00e3o, \u00e9 como se fosse um filtro, como se fosse uma barreira que impacta o mangue e ele d\u00e1 a resposta. Eu acho que foi primordial o assunto que ele enfocou em sua palestra.\u201d<\/p>\n<p><strong>Saiba mais<\/strong><\/p>\n<p>O professor Clemente Coelho J\u00fanior possui gradua\u00e7\u00e3o em Ci\u00eancias Biol\u00f3gicas pela Universidade Presbiteriana Mackenzie (1992), mestrado e doutorado em Oceanografia Biol\u00f3gica pelo Instituto Oceanogr\u00e1fico da Universidade de S\u00e3o Paulo (1998 e 2003). \u00c9 pesquisador associado do Laborat\u00f3rio Bioma do Instituto Oceanogr\u00e1fico da Universidade de S\u00e3o Paulo. Associado fundador e presidente volunt\u00e1rio da entidade sem fins lucrativos Instituto BiomaBrasil Gest\u00e3o e Conserva\u00e7\u00e3o de Zonas \u00damidas Costeiras Tropicais. Foi professor substituto de Ecologia da Universidade Federal Rural de Pernambuco (2004-2006) e Universidade de Pernambuco (2002). Professor de Gest\u00e3o Ambiental, Planejamento Ambiental e Ecologia de Manguezais na Universidade de Pernambuco (desde 2008). Tem experi\u00eancia na \u00e1rea de Ecologia, com \u00eanfase em Ecologia de Ecossistemas. Atua principalmente nos seguintes temas: ecologia, conserva\u00e7\u00e3o e gest\u00e3o da Zona Costeira com \u00eanfase no ecossistema manguezal; avalia\u00e7\u00e3o de impacto ambiental; e programas de educa\u00e7\u00e3o ambiental na Zona Costeira.<\/p>\n","protected":false},"excerpt":{"rendered":"<p>O 6\u00ba Encontro Internacional das \u00c1guas promoveu,\u00a0na noite de quinta-feira (12), no audit\u00f3rio G2, a confer\u00eancia &#8220;Impacto das mudan\u00e7as clim\u00e1ticas sobre estu\u00e1rios e manguezais&#8221;,\u00a0proferida pelo Prof. Dr. Clemente Coelho J\u00fanior, da UPE. Em sua apresenta\u00e7\u00e3o, o pesquisador abordou as seguintes quest\u00f5es: \u201cOs manguezais s\u00e3o extremamente importantes para a sociedade, apresentando servi\u00e7os ambientais importantes que s\u00e3o [&hellip;]<\/p>\n","protected":false},"author":3,"featured_media":18751,"comment_status":"open","ping_status":"open","sticky":false,"template":"","format":"standard","meta":[],"categories":[4],"tags":[],"jetpack-related-posts":[],"_links":{"self":[{"href":"https:\/\/www1.unicap.br\/assecom1\/wp-json\/wp\/v2\/posts\/18750"}],"collection":[{"href":"https:\/\/www1.unicap.br\/assecom1\/wp-json\/wp\/v2\/posts"}],"about":[{"href":"https:\/\/www1.unicap.br\/assecom1\/wp-json\/wp\/v2\/types\/post"}],"author":[{"embeddable":true,"href":"https:\/\/www1.unicap.br\/assecom1\/wp-json\/wp\/v2\/users\/3"}],"replies":[{"embeddable":true,"href":"https:\/\/www1.unicap.br\/assecom1\/wp-json\/wp\/v2\/comments?post=18750"}],"version-history":[{"count":3,"href":"https:\/\/www1.unicap.br\/assecom1\/wp-json\/wp\/v2\/posts\/18750\/revisions"}],"predecessor-version":[{"id":18784,"href":"https:\/\/www1.unicap.br\/assecom1\/wp-json\/wp\/v2\/posts\/18750\/revisions\/18784"}],"wp:featuredmedia":[{"embeddable":true,"href":"https:\/\/www1.unicap.br\/assecom1\/wp-json\/wp\/v2\/media\/18751"}],"wp:attachment":[{"href":"https:\/\/www1.unicap.br\/assecom1\/wp-json\/wp\/v2\/media?parent=18750"}],"wp:term":[{"taxonomy":"category","embeddable":true,"href":"https:\/\/www1.unicap.br\/assecom1\/wp-json\/wp\/v2\/categories?post=18750"},{"taxonomy":"post_tag","embeddable":true,"href":"https:\/\/www1.unicap.br\/assecom1\/wp-json\/wp\/v2\/tags?post=18750"}],"curies":[{"name":"wp","href":"https:\/\/api.w.org\/{rel}","templated":true}]}}